{"id":3324,"date":"2020-10-02T20:56:36","date_gmt":"2020-10-02T20:56:36","guid":{"rendered":"http:\/\/www.cudecoop.coop\/cudecoop\/?p=3324"},"modified":"2020-10-02T20:56:54","modified_gmt":"2020-10-02T20:56:54","slug":"espacio-de-pensamiento-estrategico-cooperativo","status":"publish","type":"post","link":"http:\/\/www.cudecoop.coop\/cudecoop\/espacio-de-pensamiento-estrategico-cooperativo\/","title":{"rendered":"Espacio de pensamiento estrat\u00e9gico cooperativo"},"content":{"rendered":"<p>Cudecoop y el Instituto Juan Pablo Terra firmaron un acuerdo de trabajo conjunto para&nbsp;profundizar las acciones orientadas al desarrollo del pensamiento prospectivo y estrat\u00e9gico del movimiento cooperativo nacional.<\/p>\n<p>Para dar lugar al acuerdo se realiz\u00f3 una actividad de lanzamiento \u201cCoyuntura y perspectivas para el cooperativismo y la econom\u00eda social en Uruguay&#8221; entre el Ejecutivo de CUDECOOP y representantes del Instituto Juan Pablo Terra, el jueves 1 de octubre.&nbsp;<\/p>\n<p>Ambas instituciones&nbsp;han acordado un trabajo conjunto con la finalidad de estimular la mirada de largo&nbsp;plazo para el desarrollo cooperativo, a trav\u00e9s de un Espacio de Pensamiento&nbsp;Estrat\u00e9gico Cooperativo.<\/p>\n<p>Este Espacio de Pensamiento Estrat\u00e9gico Cooperativo, ser\u00e1 un \u00e1mbito abierto y plural&nbsp;para el intercambio sobre la realidad, perspectivas y estrategias necesarias para el&nbsp;desarrollo del Movimiento Cooperativo y la Econom\u00eda Social en el Uruguay, y un lugar&nbsp;de encuentro entre las diversas comunidades de pensamiento vinculadas al&nbsp;cooperativismo y la econom\u00eda social.<\/p>\n<p>En el marco del lanzamiento se realiz\u00f3 una exposici\u00f3n a cargo de los profesores Pablo Guerra y Juan Pablo Mart\u00ed, la cual podr\u00e1n verla en nuestro canal de Youtube.&nbsp;<\/p>\n","protected":false},"excerpt":{"rendered":"<p>Cudecoop y el Instituto Juan Pablo Terra firmaron un acuerdo de trabajo conjunto para&nbsp;profundizar las acciones orientadas al desarrollo del pensamiento prospectivo y estrat\u00e9gico del movimiento cooperativo nacional. Para dar lugar al acuerdo se realiz\u00f3 una actividad de lanzamiento \u201cCoyuntura y perspectivas para el cooperativismo y la econom\u00eda social en Uruguay&#8221; entre el Ejecutivo de CUDECOOP y representantes del Instituto Juan Pablo Terra, el jueves 1 de octubre.&nbsp; Ambas instituciones&nbsp;han acordado un trabajo conjunto con la finalidad de estimular la mirada de largo&nbsp;plazo para el desarrollo cooperativo, a trav\u00e9s de un Espacio de Pensamiento&nbsp;Estrat\u00e9gico Cooperativo. Este Espacio de Pensamiento Estrat\u00e9gico [&#8230;]<\/p>\n","protected":false},"author":27,"featured_media":3325,"comment_status":"open","ping_status":"open","sticky":false,"template":"","format":"standard","meta":{"_acf_changed":false,"ngg_post_thumbnail":0,"footnotes":""},"categories":[7,6,1],"tags":[],"class_list":["post-3324","post","type-post","status-publish","format-standard","has-post-thumbnail","hentry","category-cooperativas","category-institucionales","category-noticias"],"acf":[],"_links":{"self":[{"href":"http:\/\/www.cudecoop.coop\/cudecoop\/wp-json\/wp\/v2\/posts\/3324","targetHints":{"allow":["GET"]}}],"collection":[{"href":"http:\/\/www.cudecoop.coop\/cudecoop\/wp-json\/wp\/v2\/posts"}],"about":[{"href":"http:\/\/www.cudecoop.coop\/cudecoop\/wp-json\/wp\/v2\/types\/post"}],"author":[{"embeddable":true,"href":"http:\/\/www.cudecoop.coop\/cudecoop\/wp-json\/wp\/v2\/users\/27"}],"replies":[{"embeddable":true,"href":"http:\/\/www.cudecoop.coop\/cudecoop\/wp-json\/wp\/v2\/comments?post=3324"}],"version-history":[{"count":1,"href":"http:\/\/www.cudecoop.coop\/cudecoop\/wp-json\/wp\/v2\/posts\/3324\/revisions"}],"predecessor-version":[{"id":3326,"href":"http:\/\/www.cudecoop.coop\/cudecoop\/wp-json\/wp\/v2\/posts\/3324\/revisions\/3326"}],"wp:featuredmedia":[{"embeddable":true,"href":"http:\/\/www.cudecoop.coop\/cudecoop\/wp-json\/wp\/v2\/media\/3325"}],"wp:attachment":[{"href":"http:\/\/www.cudecoop.coop\/cudecoop\/wp-json\/wp\/v2\/media?parent=3324"}],"wp:term":[{"taxonomy":"category","embeddable":true,"href":"http:\/\/www.cudecoop.coop\/cudecoop\/wp-json\/wp\/v2\/categories?post=3324"},{"taxonomy":"post_tag","embeddable":true,"href":"http:\/\/www.cudecoop.coop\/cudecoop\/wp-json\/wp\/v2\/tags?post=3324"}],"curies":[{"name":"wp","href":"https:\/\/api.w.org\/{rel}","templated":true}]}}