{"id":3321,"date":"2020-09-18T15:46:44","date_gmt":"2020-09-18T15:46:44","guid":{"rendered":"http:\/\/www.cudecoop.coop\/cudecoop\/?p=3321"},"modified":"2020-09-18T15:46:44","modified_gmt":"2020-09-18T15:46:44","slug":"convocatoria-a-asamblea-de-cudecoop-6-10-2020","status":"publish","type":"post","link":"http:\/\/www.cudecoop.coop\/cudecoop\/convocatoria-a-asamblea-de-cudecoop-6-10-2020\/","title":{"rendered":"CONVOCATORIA A ASAMBLEA DE CUDECOOP  6.10.2020"},"content":{"rendered":"<p style=\"font-weight: 400;\">Estimadas Socias, Adherentes y Colaboradores de CUDECOOP:<\/p>\n<p style=\"font-weight: 400;\">&nbsp;<\/p>\n<p style=\"font-weight: 400;\">Les informamos que en su sesi\u00f3n del 1 de setiembre, el Consejo Directivo resolvi\u00f3 citar a Asamblea para el&nbsp;<strong>martes 6 octubre en nuestra Sede<\/strong>, ubicada en Av. 18 de Julio 948 Of. 502, Montevideo, a la&nbsp;<strong>hora 16:00 en primera convocatoria&nbsp;<\/strong>y a la<strong>&nbsp;hora 17:00 en segunda convocatoria<\/strong>.<\/p>\n<p style=\"font-weight: 400;\">&nbsp;<\/p>\n<p style=\"font-weight: 400;\">El Orden del D\u00eda ser\u00e1 el siguiente:<\/p>\n<p style=\"font-weight: 400;\">&nbsp;<\/p>\n<ol>\n<li style=\"font-weight: 400;\">Consideraci\u00f3n del Acta anterior (AGO 01\/2020 30.07.2020)<\/li>\n<li style=\"font-weight: 400;\">Informe de Presidencia<\/li>\n<li style=\"font-weight: 400;\">Informe Auditor\u00eda Externa<\/li>\n<li style=\"font-weight: 400;\">Elecciones Consejo Directivo<\/li>\n<li style=\"font-weight: 400;\">Elecciones Comisi\u00f3n Fiscal<\/li>\n<\/ol>\n<p style=\"font-weight: 400;\">&nbsp;<\/p>\n<p style=\"font-weight: 400;\">Les recordamos que nos deben enviar 2 notas:<\/p>\n<p style=\"font-weight: 400;\">&nbsp;<\/p>\n<ol style=\"font-weight: 400;\">\n<li><strong><u>Titular y suplente que su Federaci\u00f3n\/Cooperativa designe para ser representada en la Asamblea<\/u><\/strong>, ya que es INCOMPATIBLE la calidad de Asamble\u00edsta con la de integrante del Consejo Directivo y Comisi\u00f3n Fiscal (art. 35 y 45 de los Estatutos).<\/li>\n<\/ol>\n<p style=\"font-weight: 400;\">&nbsp;<\/p>\n<ol style=\"font-weight: 400;\">\n<li>Cada socia deber\u00e1 proponer&nbsp;<strong>un titular y un suplente (art. 35) para integrar el Consejo Directivo<\/strong>. Ser\u00e1 este \u00f3rgano el que designe entre sus miembros titulares a cinco personas para integrar el Comit\u00e9 Ejecutivo (art. 37). \u2013&nbsp;<strong><u>Estaremos recibiendo los nombres de vuestros\/as representantes hasta el 30 de setiembre<\/u><\/strong>.<\/li>\n<\/ol>\n","protected":false},"excerpt":{"rendered":"<p>Estimadas Socias, Adherentes y Colaboradores de CUDECOOP: &nbsp; Les informamos que en su sesi\u00f3n del 1 de setiembre, el Consejo Directivo resolvi\u00f3 citar a Asamblea para el&nbsp;martes 6 octubre en nuestra Sede, ubicada en Av. 18 de Julio 948 Of. 502, Montevideo, a la&nbsp;hora 16:00 en primera convocatoria&nbsp;y a la&nbsp;hora 17:00 en segunda convocatoria. &nbsp; El Orden del D\u00eda ser\u00e1 el siguiente: &nbsp; Consideraci\u00f3n del Acta anterior (AGO 01\/2020 30.07.2020) Informe de Presidencia Informe Auditor\u00eda Externa Elecciones Consejo Directivo Elecciones Comisi\u00f3n Fiscal &nbsp; Les recordamos que nos deben enviar 2 notas: &nbsp; Titular y suplente que su Federaci\u00f3n\/Cooperativa designe para [&#8230;]<\/p>\n","protected":false},"author":27,"featured_media":3282,"comment_status":"open","ping_status":"open","sticky":false,"template":"","format":"standard","meta":{"_acf_changed":false,"ngg_post_thumbnail":0,"footnotes":""},"categories":[7,6,1],"tags":[],"class_list":["post-3321","post","type-post","status-publish","format-standard","has-post-thumbnail","hentry","category-cooperativas","category-institucionales","category-noticias"],"acf":[],"_links":{"self":[{"href":"http:\/\/www.cudecoop.coop\/cudecoop\/wp-json\/wp\/v2\/posts\/3321","targetHints":{"allow":["GET"]}}],"collection":[{"href":"http:\/\/www.cudecoop.coop\/cudecoop\/wp-json\/wp\/v2\/posts"}],"about":[{"href":"http:\/\/www.cudecoop.coop\/cudecoop\/wp-json\/wp\/v2\/types\/post"}],"author":[{"embeddable":true,"href":"http:\/\/www.cudecoop.coop\/cudecoop\/wp-json\/wp\/v2\/users\/27"}],"replies":[{"embeddable":true,"href":"http:\/\/www.cudecoop.coop\/cudecoop\/wp-json\/wp\/v2\/comments?post=3321"}],"version-history":[{"count":1,"href":"http:\/\/www.cudecoop.coop\/cudecoop\/wp-json\/wp\/v2\/posts\/3321\/revisions"}],"predecessor-version":[{"id":3322,"href":"http:\/\/www.cudecoop.coop\/cudecoop\/wp-json\/wp\/v2\/posts\/3321\/revisions\/3322"}],"wp:featuredmedia":[{"embeddable":true,"href":"http:\/\/www.cudecoop.coop\/cudecoop\/wp-json\/wp\/v2\/media\/3282"}],"wp:attachment":[{"href":"http:\/\/www.cudecoop.coop\/cudecoop\/wp-json\/wp\/v2\/media?parent=3321"}],"wp:term":[{"taxonomy":"category","embeddable":true,"href":"http:\/\/www.cudecoop.coop\/cudecoop\/wp-json\/wp\/v2\/categories?post=3321"},{"taxonomy":"post_tag","embeddable":true,"href":"http:\/\/www.cudecoop.coop\/cudecoop\/wp-json\/wp\/v2\/tags?post=3321"}],"curies":[{"name":"wp","href":"https:\/\/api.w.org\/{rel}","templated":true}]}}