{"id":3311,"date":"2020-09-04T16:07:48","date_gmt":"2020-09-04T16:07:48","guid":{"rendered":"http:\/\/www.cudecoop.coop\/cudecoop\/?p=3311"},"modified":"2020-09-04T16:07:48","modified_gmt":"2020-09-04T16:07:48","slug":"cudecoop-se-reunio-con-laura-raffo-candidata-a-la-intendencia-de-montevideo","status":"publish","type":"post","link":"http:\/\/www.cudecoop.coop\/cudecoop\/cudecoop-se-reunio-con-laura-raffo-candidata-a-la-intendencia-de-montevideo\/","title":{"rendered":"CUDECOOP se reuni\u00f3 con Laura Raffo, candidata a la Intendencia de Montevideo"},"content":{"rendered":"<p>La ma\u00f1ana del viernes 4 de setiembre el Ejecutivo de CUDECOOP recibi\u00f3 a la candidata por la Coalici\u00f3n Multicolor a la Intendencia de Montevideo, Laura Raffo.&nbsp;<\/p>\n<p>El Comit\u00e9 Ejecutivo presente en sala y el Consejo Directivo a trav\u00e9s de la plataforma Zoom, llevaron a cabo el intercambio con parte del equipo integrado por Laura Raffo y su suplente, Juan Carlos Rodr\u00edguez.<\/p>\n<p>Compartimos la filmaci\u00f3n de la actividad en el siguiente video.&nbsp;<\/p>\n<p>&nbsp;<\/p>\n<p><iframe loading=\"lazy\" title=\"Conversatorio con Laura Raffo, candidata por la coalici\u00f3n a la Intendencia de Montevideo\" width=\"525\" height=\"295\" src=\"https:\/\/www.youtube.com\/embed\/Gfj-rwffy04?feature=oembed\" frameborder=\"0\" allow=\"accelerometer; autoplay; clipboard-write; encrypted-media; gyroscope; picture-in-picture; web-share\" referrerpolicy=\"strict-origin-when-cross-origin\" allowfullscreen><\/iframe><\/p>\n<p>&nbsp;<\/p>\n<p>&nbsp;<\/p>\n","protected":false},"excerpt":{"rendered":"<p>La ma\u00f1ana del viernes 4 de setiembre el Ejecutivo de CUDECOOP recibi\u00f3 a la candidata por la Coalici\u00f3n Multicolor a la Intendencia de Montevideo, Laura Raffo.&nbsp; El Comit\u00e9 Ejecutivo presente en sala y el Consejo Directivo a trav\u00e9s de la plataforma Zoom, llevaron a cabo el intercambio con parte del equipo integrado por Laura Raffo y su suplente, Juan Carlos Rodr\u00edguez. Compartimos la filmaci\u00f3n de la actividad en el siguiente video.&nbsp; &nbsp; &nbsp; [&#8230;]<\/p>\n","protected":false},"author":27,"featured_media":3312,"comment_status":"open","ping_status":"open","sticky":false,"template":"","format":"standard","meta":{"_acf_changed":false,"ngg_post_thumbnail":0,"footnotes":""},"categories":[7,6,1],"tags":[],"class_list":["post-3311","post","type-post","status-publish","format-standard","has-post-thumbnail","hentry","category-cooperativas","category-institucionales","category-noticias"],"acf":[],"_links":{"self":[{"href":"http:\/\/www.cudecoop.coop\/cudecoop\/wp-json\/wp\/v2\/posts\/3311","targetHints":{"allow":["GET"]}}],"collection":[{"href":"http:\/\/www.cudecoop.coop\/cudecoop\/wp-json\/wp\/v2\/posts"}],"about":[{"href":"http:\/\/www.cudecoop.coop\/cudecoop\/wp-json\/wp\/v2\/types\/post"}],"author":[{"embeddable":true,"href":"http:\/\/www.cudecoop.coop\/cudecoop\/wp-json\/wp\/v2\/users\/27"}],"replies":[{"embeddable":true,"href":"http:\/\/www.cudecoop.coop\/cudecoop\/wp-json\/wp\/v2\/comments?post=3311"}],"version-history":[{"count":1,"href":"http:\/\/www.cudecoop.coop\/cudecoop\/wp-json\/wp\/v2\/posts\/3311\/revisions"}],"predecessor-version":[{"id":3313,"href":"http:\/\/www.cudecoop.coop\/cudecoop\/wp-json\/wp\/v2\/posts\/3311\/revisions\/3313"}],"wp:featuredmedia":[{"embeddable":true,"href":"http:\/\/www.cudecoop.coop\/cudecoop\/wp-json\/wp\/v2\/media\/3312"}],"wp:attachment":[{"href":"http:\/\/www.cudecoop.coop\/cudecoop\/wp-json\/wp\/v2\/media?parent=3311"}],"wp:term":[{"taxonomy":"category","embeddable":true,"href":"http:\/\/www.cudecoop.coop\/cudecoop\/wp-json\/wp\/v2\/categories?post=3311"},{"taxonomy":"post_tag","embeddable":true,"href":"http:\/\/www.cudecoop.coop\/cudecoop\/wp-json\/wp\/v2\/tags?post=3311"}],"curies":[{"name":"wp","href":"https:\/\/api.w.org\/{rel}","templated":true}]}}