{"id":3308,"date":"2020-08-31T18:49:48","date_gmt":"2020-08-31T18:49:48","guid":{"rendered":"http:\/\/www.cudecoop.coop\/cudecoop\/?p=3308"},"modified":"2020-08-31T18:49:48","modified_gmt":"2020-08-31T18:49:48","slug":"conversatorio-entre-laura-raffo-y-cudecoop","status":"publish","type":"post","link":"http:\/\/www.cudecoop.coop\/cudecoop\/conversatorio-entre-laura-raffo-y-cudecoop\/","title":{"rendered":"CONVERSATORIO ENTRE LAURA RAFFO Y CUDECOOP"},"content":{"rendered":"<p>CUDECOOP les invita a participar este viernes 4 de setiembre a la hora 10. 30, del ciclo Cooperativismo y gobierno departamental.<\/p>\n<p>En vista de las pr\u00f3ximas elecciones departamentales, estaremos realizando conversatorios con los\/as diferentes candidatos\/as a la Intendencia de Montevideo para conocer c\u00f3mo van a incorporar y profundizar el desarrollo del cooperativismo en el programa de gobierno.<\/p>\n<p>En esta ocasi\u00f3n, nos reuniremos con Laura Raffo, candidata a la Intendencia por la Coalici\u00f3n Multicolor.<\/p>\n<p>Por Youtube de CUDECOOP, en el siguiente enlace:<\/p>\n<p><iframe loading=\"lazy\" title=\"Conversatorio con Laura Raffo, candidata por la coalici\u00f3n a la Intendencia de Montevideo\" width=\"525\" height=\"295\" src=\"https:\/\/www.youtube.com\/embed\/Gfj-rwffy04?feature=oembed\" frameborder=\"0\" allow=\"accelerometer; autoplay; clipboard-write; encrypted-media; gyroscope; picture-in-picture; web-share\" referrerpolicy=\"strict-origin-when-cross-origin\" allowfullscreen><\/iframe><\/p>\n","protected":false},"excerpt":{"rendered":"<p>CUDECOOP les invita a participar este viernes 4 de setiembre a la hora 10. 30, del ciclo Cooperativismo y gobierno departamental. En vista de las pr\u00f3ximas elecciones departamentales, estaremos realizando conversatorios con los\/as diferentes candidatos\/as a la Intendencia de Montevideo para conocer c\u00f3mo van a incorporar y profundizar el desarrollo del cooperativismo en el programa de gobierno. En esta ocasi\u00f3n, nos reuniremos con Laura Raffo, candidata a la Intendencia por la Coalici\u00f3n Multicolor. Por Youtube de CUDECOOP, en el siguiente [&#8230;]<\/p>\n","protected":false},"author":27,"featured_media":3309,"comment_status":"open","ping_status":"open","sticky":false,"template":"","format":"standard","meta":{"_acf_changed":false,"ngg_post_thumbnail":0,"footnotes":""},"categories":[7,6,1],"tags":[],"class_list":["post-3308","post","type-post","status-publish","format-standard","has-post-thumbnail","hentry","category-cooperativas","category-institucionales","category-noticias"],"acf":[],"_links":{"self":[{"href":"http:\/\/www.cudecoop.coop\/cudecoop\/wp-json\/wp\/v2\/posts\/3308","targetHints":{"allow":["GET"]}}],"collection":[{"href":"http:\/\/www.cudecoop.coop\/cudecoop\/wp-json\/wp\/v2\/posts"}],"about":[{"href":"http:\/\/www.cudecoop.coop\/cudecoop\/wp-json\/wp\/v2\/types\/post"}],"author":[{"embeddable":true,"href":"http:\/\/www.cudecoop.coop\/cudecoop\/wp-json\/wp\/v2\/users\/27"}],"replies":[{"embeddable":true,"href":"http:\/\/www.cudecoop.coop\/cudecoop\/wp-json\/wp\/v2\/comments?post=3308"}],"version-history":[{"count":1,"href":"http:\/\/www.cudecoop.coop\/cudecoop\/wp-json\/wp\/v2\/posts\/3308\/revisions"}],"predecessor-version":[{"id":3310,"href":"http:\/\/www.cudecoop.coop\/cudecoop\/wp-json\/wp\/v2\/posts\/3308\/revisions\/3310"}],"wp:featuredmedia":[{"embeddable":true,"href":"http:\/\/www.cudecoop.coop\/cudecoop\/wp-json\/wp\/v2\/media\/3309"}],"wp:attachment":[{"href":"http:\/\/www.cudecoop.coop\/cudecoop\/wp-json\/wp\/v2\/media?parent=3308"}],"wp:term":[{"taxonomy":"category","embeddable":true,"href":"http:\/\/www.cudecoop.coop\/cudecoop\/wp-json\/wp\/v2\/categories?post=3308"},{"taxonomy":"post_tag","embeddable":true,"href":"http:\/\/www.cudecoop.coop\/cudecoop\/wp-json\/wp\/v2\/tags?post=3308"}],"curies":[{"name":"wp","href":"https:\/\/api.w.org\/{rel}","templated":true}]}}