{"id":3296,"date":"2020-08-20T18:37:14","date_gmt":"2020-08-20T18:37:14","guid":{"rendered":"http:\/\/www.cudecoop.coop\/cudecoop\/?p=3296"},"modified":"2020-08-20T18:47:26","modified_gmt":"2020-08-20T18:47:26","slug":"montevideo-y-cooperativismo","status":"publish","type":"post","link":"http:\/\/www.cudecoop.coop\/cudecoop\/montevideo-y-cooperativismo\/","title":{"rendered":"Montevideo y cooperativismo"},"content":{"rendered":"<p>El jueves 20 de agosto se reuni\u00f3 el Ejecutivo de Cudecoop, junto a Consejeros a trav\u00e9s de una plataforma virtual, con candidatos a la Intendencia de Montevideo por el Frente Amplio.&nbsp;<\/p>\n<p>El Ejecutivo, representado por su presidenta Graciela Fern\u00e1ndez, estuvo a pleno reunido con Carolina Cosse, Daniel Mart\u00ednez y \u00c1lvaro Villar, quienes plantearon su perspectiva del cooperativismo en la agenda de propuestas para el siguiente gobierno.&nbsp;<\/p>\n<p>Pr\u00f3ximamente anunciaremos la fecha de la reuni\u00f3n con la candidata Laura Raffo, la cual transmitiremos tambi\u00e9n de forma abierta por Youtube.&nbsp;<\/p>\n<p>Dejamos aqu\u00ed el video para escuchar lo que los aspirantes comentaron sobre el rol del cooperativismo en sus propuestas de gobierno departamental.&nbsp;<\/p>\n<p><iframe loading=\"lazy\" title=\"Conversatorio con Candidat@s por el Frente Amplio a la Intendencia de Montevideo\" width=\"525\" height=\"295\" src=\"https:\/\/www.youtube.com\/embed\/cPQCUEFaeM4?feature=oembed\" frameborder=\"0\" allow=\"accelerometer; autoplay; clipboard-write; encrypted-media; gyroscope; picture-in-picture; web-share\" referrerpolicy=\"strict-origin-when-cross-origin\" allowfullscreen><\/iframe><\/p>\n<p>&nbsp;<\/p>\n<p>Aqu\u00ed compartimos enlace al video de presentaci\u00f3n de Montevideo, cuna de cooperativas, que realiz\u00f3 Cudecoop en la reuni\u00f3n.&nbsp;<\/p>\n<p><a href=\"https:\/\/www.youtube.com\/watch?v=iuGqGm05J4k\">youtube.com\/watch?v=iuGqGm05J4k<\/a><\/p>\n","protected":false},"excerpt":{"rendered":"<p>El jueves 20 de agosto se reuni\u00f3 el Ejecutivo de Cudecoop, junto a Consejeros a trav\u00e9s de una plataforma virtual, con candidatos a la Intendencia de Montevideo por el Frente Amplio.&nbsp; El Ejecutivo, representado por su presidenta Graciela Fern\u00e1ndez, estuvo a pleno reunido con Carolina Cosse, Daniel Mart\u00ednez y \u00c1lvaro Villar, quienes plantearon su perspectiva del cooperativismo en la agenda de propuestas para el siguiente gobierno.&nbsp; Pr\u00f3ximamente anunciaremos la fecha de la reuni\u00f3n con la candidata Laura Raffo, la cual transmitiremos tambi\u00e9n de forma abierta por Youtube.&nbsp; Dejamos aqu\u00ed el video para escuchar lo que los aspirantes comentaron sobre el [&#8230;]<\/p>\n","protected":false},"author":27,"featured_media":3302,"comment_status":"open","ping_status":"open","sticky":false,"template":"","format":"standard","meta":{"_acf_changed":false,"ngg_post_thumbnail":0,"footnotes":""},"categories":[7,6,1],"tags":[],"class_list":["post-3296","post","type-post","status-publish","format-standard","has-post-thumbnail","hentry","category-cooperativas","category-institucionales","category-noticias"],"acf":[],"_links":{"self":[{"href":"http:\/\/www.cudecoop.coop\/cudecoop\/wp-json\/wp\/v2\/posts\/3296","targetHints":{"allow":["GET"]}}],"collection":[{"href":"http:\/\/www.cudecoop.coop\/cudecoop\/wp-json\/wp\/v2\/posts"}],"about":[{"href":"http:\/\/www.cudecoop.coop\/cudecoop\/wp-json\/wp\/v2\/types\/post"}],"author":[{"embeddable":true,"href":"http:\/\/www.cudecoop.coop\/cudecoop\/wp-json\/wp\/v2\/users\/27"}],"replies":[{"embeddable":true,"href":"http:\/\/www.cudecoop.coop\/cudecoop\/wp-json\/wp\/v2\/comments?post=3296"}],"version-history":[{"count":1,"href":"http:\/\/www.cudecoop.coop\/cudecoop\/wp-json\/wp\/v2\/posts\/3296\/revisions"}],"predecessor-version":[{"id":3297,"href":"http:\/\/www.cudecoop.coop\/cudecoop\/wp-json\/wp\/v2\/posts\/3296\/revisions\/3297"}],"wp:featuredmedia":[{"embeddable":true,"href":"http:\/\/www.cudecoop.coop\/cudecoop\/wp-json\/wp\/v2\/media\/3302"}],"wp:attachment":[{"href":"http:\/\/www.cudecoop.coop\/cudecoop\/wp-json\/wp\/v2\/media?parent=3296"}],"wp:term":[{"taxonomy":"category","embeddable":true,"href":"http:\/\/www.cudecoop.coop\/cudecoop\/wp-json\/wp\/v2\/categories?post=3296"},{"taxonomy":"post_tag","embeddable":true,"href":"http:\/\/www.cudecoop.coop\/cudecoop\/wp-json\/wp\/v2\/tags?post=3296"}],"curies":[{"name":"wp","href":"https:\/\/api.w.org\/{rel}","templated":true}]}}