{"id":3289,"date":"2020-08-12T21:39:18","date_gmt":"2020-08-12T21:39:18","guid":{"rendered":"http:\/\/www.cudecoop.coop\/cudecoop\/?p=3289"},"modified":"2020-08-12T21:39:18","modified_gmt":"2020-08-12T21:39:18","slug":"cudecoop-se-reunio-con-el-ministro-de-trabajo","status":"publish","type":"post","link":"http:\/\/www.cudecoop.coop\/cudecoop\/cudecoop-se-reunio-con-el-ministro-de-trabajo\/","title":{"rendered":"CUDECOOP se reuni\u00f3 con el Ministro de Trabajo"},"content":{"rendered":"<div>&nbsp;<\/div>\n<blockquote class=\"gmail_quote\">\n<div dir=\"ltr\">\n<div><span style=\"color: #000000;\">Con la intenci\u00f3n de intercmabiar sobre varios temas de la agenda cooperativa, la&nbsp;presidenta de CUDECOOP, Graciela Fern\u00e1ndez, y su secretaria, Alicia Maneiro,&nbsp;se reunieron este mi\u00e9rcoles con el ministro de Trabajo, Pablo Mieres,&nbsp;qui\u00e9n fue acompa\u00f1ado por el Presidente de INACOOP, Martin Fern\u00e1ndez.<\/span><\/div>\n<div>\n<p><span style=\"color: #000000;\">Esta instancia, que da continuidad a la videoconferencia desarrollada con el Ministro semanas atr\u00e1s, permiti\u00f3 profundizar sobre algunos temas de preocupaci\u00f3n de CUDECOOP, los que fueron bien recibidos por las autoridades, que se comprometieron a mantener un di\u00e1logo fluido con el Movimiento.&nbsp;<\/span><\/p>\n<\/div>\n<\/div>\n<\/blockquote>\n<blockquote class=\"gmail_quote\">\n<div dir=\"ltr\">\n<div>\n<p><span style=\"color: #000000;\">Entre los temas abordados se intercambi\u00f3 sobre el reciente Decreto sobre asambleas a distancia y las dudas que generan algunos art\u00edculos del mismo, as\u00ed como sobre la nueva delegaci\u00f3n propuesta por CUDECOOP al Fondes Inacoop. Tambi\u00e9n se intercambi\u00f3 sobre el presupuesto nacional y el financiamiento del INACOOP, as\u00ed como sobre la participaci\u00f3n de la econom\u00eda social en INEFOP.<\/span><\/p>\n<p><span style=\"color: #000000;\">En cuanto al Decreto que permite realizar asambleas virtuales, fue resultado de las preocupaciones transmitidas a Cudecoop y la Auditoria Interna de la Naci\u00f3n por muchas cooperativas, que precisaban realizar sus asambleas ordinarias y aprobar sus estados contables, de manera de poder seguir contando con los certificados de regularidad. Aunque el Decreto aprobado fue un avance, en muchos aspectos ha generado controversias que tanto INACOOP como AIN han explicado en t\u00e9rminos de alcance, reconociendo la necesidad de su mejora.<a style=\"color: #000000;\" href=\"http:\/\/www.cudecoop.coop\/cudecoop\/poder-ejecutivo-aprobo-asambleas-virtuales-en-cooperativas\/\" target=\"_blank\" rel=\"noopener noreferrer\" data-saferedirecturl=\"https:\/\/www.google.com\/url?q=http:\/\/www.cudecoop.coop\/cudecoop\/poder-ejecutivo-aprobo-asambleas-virtuales-en-cooperativas\/&amp;source=gmail&amp;ust=1597354326804000&amp;usg=AFQjCNFjsrwV2E5xeYjFbdlDYUg5KVQUXg\">&nbsp;VER DECRETO<\/a><\/span><\/p>\n<p><span style=\"color: #000000;\">Alicia Maneiro&nbsp;se\u00f1al\u00f3 que&nbsp;&#8220;primero tratamos el tema con la Auditoria y con Inacoop para ver c\u00f3mo destrabar el tema para las cooperativas, luego la Auditoria solicita informaci\u00f3n sobre c\u00f3mo se est\u00e1 realizando a nivel de Am\u00e9rica, por lo que le acercamos toda la informaci\u00f3n, se gener\u00f3 un borrador y posterior redacci\u00f3n de decreto que es solo para aquellas modalidades cooperativas que son controladas por la AIN, dejando por fuera a las Sociales y a las de&nbsp;Vivienda. Frente a las dificultades de interpretaci\u00f3n del alcance del Decreto, se\u00f1aladas fuertemente desde algunas clases cooperativas, INACOOP realiz\u00f3 un comunicado&nbsp; aclaratorio.&nbsp;<a style=\"color: #000000;\" href=\"https:\/\/www.inacoop.org.uy\/single-post\/2020\/08\/07\/Comunicado-de-INACOOP-sobre-Decreto-208020-sesiones-a-distancia-en-las-cooperativas\" target=\"_blank\" rel=\"noopener noreferrer\" data-saferedirecturl=\"https:\/\/www.google.com\/url?q=https:\/\/www.inacoop.org.uy\/single-post\/2020\/08\/07\/Comunicado-de-INACOOP-sobre-Decreto-208020-sesiones-a-distancia-en-las-cooperativas&amp;source=gmail&amp;ust=1597354326804000&amp;usg=AFQjCNG-j8jP0dFjw3nhmwkoNPhH4Zj6xg\">VER COMUNICADO INACOOP<\/a><\/span><\/p>\n<p><span style=\"color: #000000;\">Hoy tenemos un sector que soluciona un problema gracias a este decreto, y otro sector que no es afectado por el mismo. Nuestros asesores legales se han reunido y contin\u00faan trabajando sobre el tema. Hay que tener presente que la virtualidad no es obligatoria&#8221; explic\u00f3 la Secretaria de la Confederaci\u00f3n.&nbsp;En definitiva, queda aclarado que el contralor seguir\u00e1 estando en los organismos ya previstos en la legislaci\u00f3n, mientras que se buscar\u00e1n formas para mejorar esta normativa que busca innovar en el marco de la actual coyuntura y las nuevas necesidades respecto a la incorporaci\u00f3n de las tecnolog\u00edas de la informaci\u00f3n y comunicaci\u00f3n en la democracia cooperativa.<\/span><\/p>\n<p><span style=\"color: #000000;\">Sobre el escenario presupuestal&nbsp;para el sector cooperativo, las representantes de Cudecoop se\u00f1alaron la preocupaci\u00f3n para el 2021, a lo que el Ministro indic\u00f3 con buenas perspectivas que consideran que no habr\u00e1 retroceso en las partidas que se puedan destinar al cooperativismo.&nbsp;Tanto el Ministro como el Presidente de INACOOP se comprometieron a seguir trabajando antes de finalizar el a\u00f1o, los acuerdos para el pr\u00f3ximo a\u00f1o.<\/span><\/p>\n<p><span style=\"color: #000000;\">En cuanto a la nueva delegaci\u00f3n al FONDES-INACOOP,&nbsp;el Ministro se\u00f1al\u00f3 que a\u00fan no ha resuelto el tema pero que lo har\u00e1 lo m\u00e1s pronto posible.&nbsp;<\/span><\/p>\n<p><span style=\"color: #000000;\">Por \u00faltimo,&nbsp;sobre la representaci\u00f3n de la econom\u00eda<\/span> social en INEFOP, se destac\u00f3 el buen relacionamiento que las <span style=\"color: #000000;\">delegadas Alicia Maneiro y \u00c1ngeles Dati est\u00e1n teniendo con el nuevo directorio del Instituto&nbsp;y las expectativas de poder poner en marcha pronto, un nuevo Programa de Formaci\u00f3n Cooperativo para los pr\u00f3ximos a\u00f1os.<\/span><\/p>\n<p>&nbsp;<\/p>\n<\/div>\n<\/div>\n<\/blockquote>\n<p>&nbsp;<\/p>\n<p>&nbsp;<\/p>\n<p>&nbsp;<\/p>\n<p>&nbsp;<\/p>\n<p>&nbsp;<\/p>\n<p>&nbsp;<\/p>\n<p>&nbsp;<\/p>\n<p>&nbsp;<\/p>\n","protected":false},"excerpt":{"rendered":"<p>&nbsp; Con la intenci\u00f3n de intercmabiar sobre varios temas de la agenda cooperativa, la&nbsp;presidenta de CUDECOOP, Graciela Fern\u00e1ndez, y su secretaria, Alicia Maneiro,&nbsp;se reunieron este mi\u00e9rcoles con el ministro de Trabajo, Pablo Mieres,&nbsp;qui\u00e9n fue acompa\u00f1ado por el Presidente de INACOOP, Martin Fern\u00e1ndez. Esta instancia, que da continuidad a la videoconferencia desarrollada con el Ministro semanas atr\u00e1s, permiti\u00f3 profundizar sobre algunos temas de preocupaci\u00f3n de CUDECOOP, los que fueron bien recibidos por las autoridades, que se comprometieron a mantener un di\u00e1logo fluido con el Movimiento.&nbsp; Entre los temas abordados se intercambi\u00f3 sobre el reciente Decreto sobre asambleas a distancia y las [&#8230;]<\/p>\n","protected":false},"author":27,"featured_media":3290,"comment_status":"open","ping_status":"open","sticky":false,"template":"","format":"standard","meta":{"_acf_changed":false,"ngg_post_thumbnail":0,"footnotes":""},"categories":[7,6,1],"tags":[],"class_list":["post-3289","post","type-post","status-publish","format-standard","has-post-thumbnail","hentry","category-cooperativas","category-institucionales","category-noticias"],"acf":[],"_links":{"self":[{"href":"http:\/\/www.cudecoop.coop\/cudecoop\/wp-json\/wp\/v2\/posts\/3289","targetHints":{"allow":["GET"]}}],"collection":[{"href":"http:\/\/www.cudecoop.coop\/cudecoop\/wp-json\/wp\/v2\/posts"}],"about":[{"href":"http:\/\/www.cudecoop.coop\/cudecoop\/wp-json\/wp\/v2\/types\/post"}],"author":[{"embeddable":true,"href":"http:\/\/www.cudecoop.coop\/cudecoop\/wp-json\/wp\/v2\/users\/27"}],"replies":[{"embeddable":true,"href":"http:\/\/www.cudecoop.coop\/cudecoop\/wp-json\/wp\/v2\/comments?post=3289"}],"version-history":[{"count":1,"href":"http:\/\/www.cudecoop.coop\/cudecoop\/wp-json\/wp\/v2\/posts\/3289\/revisions"}],"predecessor-version":[{"id":3291,"href":"http:\/\/www.cudecoop.coop\/cudecoop\/wp-json\/wp\/v2\/posts\/3289\/revisions\/3291"}],"wp:featuredmedia":[{"embeddable":true,"href":"http:\/\/www.cudecoop.coop\/cudecoop\/wp-json\/wp\/v2\/media\/3290"}],"wp:attachment":[{"href":"http:\/\/www.cudecoop.coop\/cudecoop\/wp-json\/wp\/v2\/media?parent=3289"}],"wp:term":[{"taxonomy":"category","embeddable":true,"href":"http:\/\/www.cudecoop.coop\/cudecoop\/wp-json\/wp\/v2\/categories?post=3289"},{"taxonomy":"post_tag","embeddable":true,"href":"http:\/\/www.cudecoop.coop\/cudecoop\/wp-json\/wp\/v2\/tags?post=3289"}],"curies":[{"name":"wp","href":"https:\/\/api.w.org\/{rel}","templated":true}]}}