{"id":3287,"date":"2020-08-11T19:59:45","date_gmt":"2020-08-11T19:59:45","guid":{"rendered":"http:\/\/www.cudecoop.coop\/cudecoop\/?p=3287"},"modified":"2020-08-11T19:59:45","modified_gmt":"2020-08-11T19:59:45","slug":"comunicado-sobre-decreto-que-reglamenta-las-sesiones-semi-presenciales-y-a-distancia-de-los-organos-cooperativos","status":"publish","type":"post","link":"http:\/\/www.cudecoop.coop\/cudecoop\/comunicado-sobre-decreto-que-reglamenta-las-sesiones-semi-presenciales-y-a-distancia-de-los-organos-cooperativos\/","title":{"rendered":"COMUNICADO SOBRE DECRETO QUE REGLAMENTA LAS SESIONES SEMI-PRESENCIALES Y A DISTANCIA DE LOS \u00d3RGANOS COOPERATIVOS"},"content":{"rendered":"<p>En el d\u00eda de ayer, lunes 10 de agosto, se llev\u00f3 a cabo una reuni\u00f3n del Grupo de Referentes&nbsp;Legales de CUDECOOP y federaciones socias, el INACOOP y la AIN, para intercambiar sobre el&nbsp;alcance del decreto referido a las asambleas virtuales y semipresenciales en las cooperativas,&nbsp;recientemente aprobado.&nbsp;<br \/>\nEl decreto debe enmarcarse como resultado de las solicitudes que muchas cooperativas&nbsp;plantearon a CUDECOOP por la coyuntura de la actual Pandemia del COVID-19 y sus efectos de&nbsp;imposibilitar la realizaci\u00f3n de sesiones presenciales numerosas, lo que la Confederaci\u00f3n traslad\u00f3&nbsp;a la AIN y al INACOOP.<br \/>\nEn el Grupo de Referentes Legales se se\u00f1al\u00f3 la importancia del decreto en tanto permite avanzar&nbsp;en la incorporaci\u00f3n de las tecnolog\u00edas de la informaci\u00f3n y comunicaciones (TICs) en el \u00e1mbito de&nbsp;las cooperativas y ampliar las&nbsp; posibilidades de actuaci\u00f3n de las cooperativas bajo estas&nbsp;modalidades, especialmente en la actual coyuntura sanitaria.<br \/>\nSe concluye, con coincidencia de todas las partes, que el contralor de la AIN se circunscribe a las&nbsp;cooperativas a las cuales la Ley 18.407 le establece. Es decir, no se incluye a las cooperativas de&nbsp;vivienda, ni sociales, cuyo contralor les corresponde a los Ministerios de Vivienda y de Desarrollo&nbsp;Social, respectivamente.<br \/>\nCon respecto al art\u00edculo 7, sobre cuya redacci\u00f3n se reconocen debilidades, e incluso, desde la&nbsp;perspectiva de algunos referentes del sector, problemas respecto a su legalidad, se acord\u00f3 dar&nbsp;inicio a un proceso que lleve a su modificaci\u00f3n y mejora.<br \/>\nEspec\u00edficamente sobre el tema de las grabaciones de las asambleas, y hasta que no sea ajustado&nbsp;el decreto, queda aclarado que solo aplicar\u00e1n a las asambleas semipresenciales o a distancia, y&nbsp;que son documentos internos de la cooperativa que la AIN podr\u00e1 solicitar en casos espec\u00edficos y&nbsp;para las clases a las que le corresponde su actuaci\u00f3n, dentro de la reserva que le compete por<br \/>\nley, centrando su contralor en las actas como lo hace habitualmente para las asambleas&nbsp;presenciales.<br \/>\nEn resumen, se acuerda seguir trabajando en una propuesta para la reglamentaci\u00f3n de los&nbsp;diferentes puntos que plantea el decreto, as\u00ed como en el estudio en profundidad del art\u00edculo 7,&nbsp;con vista a su modificaci\u00f3n y mejora.<\/p>\n","protected":false},"excerpt":{"rendered":"<p>En el d\u00eda de ayer, lunes 10 de agosto, se llev\u00f3 a cabo una reuni\u00f3n del Grupo de Referentes&nbsp;Legales de CUDECOOP y federaciones socias, el INACOOP y la AIN, para intercambiar sobre el&nbsp;alcance del decreto referido a las asambleas virtuales y semipresenciales en las cooperativas,&nbsp;recientemente aprobado.&nbsp;<br \/> El decreto debe enmarcarse como resultado de las solicitudes que muchas cooperativas&nbsp;plantearon a CUDECOOP por la coyuntura de la actual Pandemia del COVID-19 y sus efectos de&nbsp;imposibilitar la realizaci\u00f3n de sesiones presenciales numerosas, lo que la Confederaci\u00f3n traslad\u00f3&nbsp;a la AIN y al INACOOP.<br \/> En el Grupo de Referentes Legales se se\u00f1al\u00f3 la [&#8230;]<\/p>\n","protected":false},"author":27,"featured_media":0,"comment_status":"open","ping_status":"open","sticky":false,"template":"","format":"standard","meta":{"_acf_changed":false,"ngg_post_thumbnail":0,"footnotes":""},"categories":[7,6,1],"tags":[],"class_list":["post-3287","post","type-post","status-publish","format-standard","hentry","category-cooperativas","category-institucionales","category-noticias"],"acf":[],"_links":{"self":[{"href":"http:\/\/www.cudecoop.coop\/cudecoop\/wp-json\/wp\/v2\/posts\/3287","targetHints":{"allow":["GET"]}}],"collection":[{"href":"http:\/\/www.cudecoop.coop\/cudecoop\/wp-json\/wp\/v2\/posts"}],"about":[{"href":"http:\/\/www.cudecoop.coop\/cudecoop\/wp-json\/wp\/v2\/types\/post"}],"author":[{"embeddable":true,"href":"http:\/\/www.cudecoop.coop\/cudecoop\/wp-json\/wp\/v2\/users\/27"}],"replies":[{"embeddable":true,"href":"http:\/\/www.cudecoop.coop\/cudecoop\/wp-json\/wp\/v2\/comments?post=3287"}],"version-history":[{"count":1,"href":"http:\/\/www.cudecoop.coop\/cudecoop\/wp-json\/wp\/v2\/posts\/3287\/revisions"}],"predecessor-version":[{"id":3288,"href":"http:\/\/www.cudecoop.coop\/cudecoop\/wp-json\/wp\/v2\/posts\/3287\/revisions\/3288"}],"wp:attachment":[{"href":"http:\/\/www.cudecoop.coop\/cudecoop\/wp-json\/wp\/v2\/media?parent=3287"}],"wp:term":[{"taxonomy":"category","embeddable":true,"href":"http:\/\/www.cudecoop.coop\/cudecoop\/wp-json\/wp\/v2\/categories?post=3287"},{"taxonomy":"post_tag","embeddable":true,"href":"http:\/\/www.cudecoop.coop\/cudecoop\/wp-json\/wp\/v2\/tags?post=3287"}],"curies":[{"name":"wp","href":"https:\/\/api.w.org\/{rel}","templated":true}]}}