{"id":3283,"date":"2020-08-04T13:55:56","date_gmt":"2020-08-04T13:55:56","guid":{"rendered":"http:\/\/www.cudecoop.coop\/cudecoop\/?p=3283"},"modified":"2020-08-04T13:55:56","modified_gmt":"2020-08-04T13:55:56","slug":"poder-ejecutivo-aprobo-asambleas-virtuales-en-cooperativas","status":"publish","type":"post","link":"http:\/\/www.cudecoop.coop\/cudecoop\/poder-ejecutivo-aprobo-asambleas-virtuales-en-cooperativas\/","title":{"rendered":"Poder Ejecutivo aprob\u00f3 asambleas virtuales en cooperativas"},"content":{"rendered":"<p>En el entendido de que es necesario actualizar la reglamentaci\u00f3n del uso de las tecnolog\u00edas de informaci\u00f3n y comunicaci\u00f3n para el funcionamiento de los \u00f3rganos de las cooperativas, el decreto emitido por el Poder Ejecutivo establece que dichas reuniones de cooperativas de cualquier clase o grado , se podr\u00e1n realizar de forma presencial, semipresencial o a distancia.&nbsp;<\/p>\n<p>Adjuntamos aqu\u00ed el documento reglamentario.&nbsp;<\/p>\n<p><a href=\"http:\/\/www.cudecoop.coop\/cudecoop\/wp-content\/uploads\/2020\/08\/Reuniones-presenciales-Decreto.pdf\">Reuniones presenciales-Decreto<\/a><\/p>\n<p>&nbsp;<\/p>\n","protected":false},"excerpt":{"rendered":"<p>En el entendido de que es necesario actualizar la reglamentaci\u00f3n del uso de las tecnolog\u00edas de informaci\u00f3n y comunicaci\u00f3n para el funcionamiento de los \u00f3rganos de las cooperativas, el decreto emitido por el Poder Ejecutivo establece que dichas reuniones de cooperativas de cualquier clase o grado , se podr\u00e1n realizar de forma presencial, semipresencial o a distancia.&nbsp; Adjuntamos aqu\u00ed el documento reglamentario.&nbsp; Reuniones presenciales-Decreto [&#8230;]<\/p>\n","protected":false},"author":27,"featured_media":0,"comment_status":"open","ping_status":"open","sticky":false,"template":"","format":"standard","meta":{"_acf_changed":false,"ngg_post_thumbnail":0,"footnotes":""},"categories":[7,6,1],"tags":[],"class_list":["post-3283","post","type-post","status-publish","format-standard","hentry","category-cooperativas","category-institucionales","category-noticias"],"acf":[],"_links":{"self":[{"href":"http:\/\/www.cudecoop.coop\/cudecoop\/wp-json\/wp\/v2\/posts\/3283","targetHints":{"allow":["GET"]}}],"collection":[{"href":"http:\/\/www.cudecoop.coop\/cudecoop\/wp-json\/wp\/v2\/posts"}],"about":[{"href":"http:\/\/www.cudecoop.coop\/cudecoop\/wp-json\/wp\/v2\/types\/post"}],"author":[{"embeddable":true,"href":"http:\/\/www.cudecoop.coop\/cudecoop\/wp-json\/wp\/v2\/users\/27"}],"replies":[{"embeddable":true,"href":"http:\/\/www.cudecoop.coop\/cudecoop\/wp-json\/wp\/v2\/comments?post=3283"}],"version-history":[{"count":1,"href":"http:\/\/www.cudecoop.coop\/cudecoop\/wp-json\/wp\/v2\/posts\/3283\/revisions"}],"predecessor-version":[{"id":3285,"href":"http:\/\/www.cudecoop.coop\/cudecoop\/wp-json\/wp\/v2\/posts\/3283\/revisions\/3285"}],"wp:attachment":[{"href":"http:\/\/www.cudecoop.coop\/cudecoop\/wp-json\/wp\/v2\/media?parent=3283"}],"wp:term":[{"taxonomy":"category","embeddable":true,"href":"http:\/\/www.cudecoop.coop\/cudecoop\/wp-json\/wp\/v2\/categories?post=3283"},{"taxonomy":"post_tag","embeddable":true,"href":"http:\/\/www.cudecoop.coop\/cudecoop\/wp-json\/wp\/v2\/tags?post=3283"}],"curies":[{"name":"wp","href":"https:\/\/api.w.org\/{rel}","templated":true}]}}