{"id":3279,"date":"2020-07-30T22:14:31","date_gmt":"2020-07-30T22:14:31","guid":{"rendered":"http:\/\/www.cudecoop.coop\/cudecoop\/?p=3279"},"modified":"2020-07-30T22:15:52","modified_gmt":"2020-07-30T22:15:52","slug":"asamblea-general-ordinaria-y-consejo-directivo-hoy-en-cudecoop","status":"publish","type":"post","link":"http:\/\/www.cudecoop.coop\/cudecoop\/asamblea-general-ordinaria-y-consejo-directivo-hoy-en-cudecoop\/","title":{"rendered":"Asamblea General Ordinaria y Consejo Directivo hoy en Cudecoop"},"content":{"rendered":"<p>En la jornada del jueves 30 de julio se llev\u00f3 a cabo la Asamblea General Ordinaria de CUDECOOP y el Consejo Directivo en el que se votaron los nuevos representantes sociales del Fondo para el desarrollo &#8211; Fondes -Inacoop.&nbsp;<\/p>\n<p>En la Asamblea se aprobaron la memoria y balance 2019. Y posteriormente en el&nbsp; Consejo Directivo se realiz\u00f3 la votaci\u00f3n para definir a las personas que representen a CUDECOOP en el Fondes Inacoop. Los resultados de la votaci\u00f3n quedaron con el siguiente orden:&nbsp;<\/p>\n<p>Alberto Est\u00e9vez<\/p>\n<p>Enrique Romero<\/p>\n<p>Ana Laura Cardozo<\/p>\n<p>La lista de representantes va para el Poder Ejecutivo para su aprobaci\u00f3n.&nbsp;<\/p>\n<p>&nbsp;<\/p>\n","protected":false},"excerpt":{"rendered":"<p>En la jornada del jueves 30 de julio se llev\u00f3 a cabo la Asamblea General Ordinaria de CUDECOOP y el Consejo Directivo en el que se votaron los nuevos representantes sociales del Fondo para el desarrollo &#8211; Fondes -Inacoop.&nbsp; En la Asamblea se aprobaron la memoria y balance 2019. Y posteriormente en el&nbsp; Consejo Directivo se realiz\u00f3 la votaci\u00f3n para definir a las personas que representen a CUDECOOP en el Fondes Inacoop. Los resultados de la votaci\u00f3n quedaron con el siguiente orden:&nbsp; Alberto Est\u00e9vez Enrique Romero Ana Laura Cardozo La lista de representantes va para el Poder Ejecutivo para su [&#8230;]<\/p>\n","protected":false},"author":27,"featured_media":3282,"comment_status":"open","ping_status":"open","sticky":false,"template":"","format":"standard","meta":{"_acf_changed":false,"ngg_post_thumbnail":0,"footnotes":""},"categories":[7,6,1],"tags":[],"class_list":["post-3279","post","type-post","status-publish","format-standard","has-post-thumbnail","hentry","category-cooperativas","category-institucionales","category-noticias"],"acf":[],"_links":{"self":[{"href":"http:\/\/www.cudecoop.coop\/cudecoop\/wp-json\/wp\/v2\/posts\/3279","targetHints":{"allow":["GET"]}}],"collection":[{"href":"http:\/\/www.cudecoop.coop\/cudecoop\/wp-json\/wp\/v2\/posts"}],"about":[{"href":"http:\/\/www.cudecoop.coop\/cudecoop\/wp-json\/wp\/v2\/types\/post"}],"author":[{"embeddable":true,"href":"http:\/\/www.cudecoop.coop\/cudecoop\/wp-json\/wp\/v2\/users\/27"}],"replies":[{"embeddable":true,"href":"http:\/\/www.cudecoop.coop\/cudecoop\/wp-json\/wp\/v2\/comments?post=3279"}],"version-history":[{"count":1,"href":"http:\/\/www.cudecoop.coop\/cudecoop\/wp-json\/wp\/v2\/posts\/3279\/revisions"}],"predecessor-version":[{"id":3281,"href":"http:\/\/www.cudecoop.coop\/cudecoop\/wp-json\/wp\/v2\/posts\/3279\/revisions\/3281"}],"wp:featuredmedia":[{"embeddable":true,"href":"http:\/\/www.cudecoop.coop\/cudecoop\/wp-json\/wp\/v2\/media\/3282"}],"wp:attachment":[{"href":"http:\/\/www.cudecoop.coop\/cudecoop\/wp-json\/wp\/v2\/media?parent=3279"}],"wp:term":[{"taxonomy":"category","embeddable":true,"href":"http:\/\/www.cudecoop.coop\/cudecoop\/wp-json\/wp\/v2\/categories?post=3279"},{"taxonomy":"post_tag","embeddable":true,"href":"http:\/\/www.cudecoop.coop\/cudecoop\/wp-json\/wp\/v2\/tags?post=3279"}],"curies":[{"name":"wp","href":"https:\/\/api.w.org\/{rel}","templated":true}]}}