{"id":3272,"date":"2020-07-28T16:04:13","date_gmt":"2020-07-28T16:04:13","guid":{"rendered":"http:\/\/www.cudecoop.coop\/cudecoop\/?p=3272"},"modified":"2020-07-28T16:08:09","modified_gmt":"2020-07-28T16:08:09","slug":"investigacion-desafios-del-movimiento-cooperativo-ante-la-crisis","status":"publish","type":"post","link":"http:\/\/www.cudecoop.coop\/cudecoop\/investigacion-desafios-del-movimiento-cooperativo-ante-la-crisis\/","title":{"rendered":"Investigaci\u00f3n &#8220;Desaf\u00edos del movimiento cooperativo ante la crisis&#8221;"},"content":{"rendered":"<p>El martes 28 de julio se present\u00f3 los resultados de la &#8220;Desaf\u00edos del movimiento cooperativo ante la crisis&#8221; para el Programa de Formaci\u00f3n Cooperativa, PROCOOP, en instalaciones de INEFOP. Estuvieron presentes el Director General de Inefop, Pablo Darscht; el presidente de Inacoop, Mart\u00edn Fern\u00e1ndez; y por CUDECOOP secretaria, Alicia Maneiro y tesorero, Ad\u00e1n Mart\u00ednez.<\/p>\n<p>La investigaci\u00f3n estuvo a cargo de&nbsp;Soledad Gonz\u00e1lez, Melina Romero y Milton Torrelli. El objetivo general del llamado a la consultoria fue&nbsp;\u201crelevar y valorizar los desaf\u00edos actuales del sector cooperativo uruguayo ante la crisis y aportar&nbsp;nuevas l\u00edneas estrat\u00e9gicas para su desarrollo y sustentabilidad\u201d.&nbsp;<\/p>\n<p>Algunos de los aspectos que se destacaron en la presentaci\u00f3n tuvieron que ver con que la pandemia potenci\u00f3 los desaf\u00edos socioecon\u00f3micos que ya se ven\u00edan dando dentro del sector cooperativo.&nbsp; Y a la vez este momento propicia la oportunidad de capitalizar el diferencial cooperativo como posibilidad de salida de la misma.&nbsp;<\/p>\n<p>Al cierre, Ad\u00e1n Mart\u00ednez destac\u00f3 que &#8220;sabemos que necesitamos mayor y mejor cooperativismo. Es dif\u00edcil hacer econom\u00eda con enfoque en las personas pero ese es nuestro principio. Para ser autosuficientes necesitamos mayor pol\u00edtica p\u00fablica, tambi\u00e9n el sector precisa que exista el microahorro cooperativo para dar mejor servicio al sistema,&#8221; concluy\u00f3.&nbsp; &nbsp;<\/p>\n<p>Les compartimos la presentaci\u00f3n.&nbsp;<\/p>\n<p><a href=\"http:\/\/www.cudecoop.coop\/cudecoop\/wp-content\/uploads\/2020\/07\/Desaf\u00edos-coopertivos-ante-la-crisis_Presentaci\u00f3n_FINAL.pdf\">Desaf\u00edos cooperativos ante la crisis_Presentaci\u00f3n<\/a><\/p>\n","protected":false},"excerpt":{"rendered":"<p>El martes 28 de julio se present\u00f3 los resultados de la &#8220;Desaf\u00edos del movimiento cooperativo ante la crisis&#8221; para el Programa de Formaci\u00f3n Cooperativa, PROCOOP, en instalaciones de INEFOP. Estuvieron presentes el Director General de Inefop, Pablo Darscht; el presidente de Inacoop, Mart\u00edn Fern\u00e1ndez; y por CUDECOOP secretaria, Alicia Maneiro y tesorero, Ad\u00e1n Mart\u00ednez. La investigaci\u00f3n estuvo a cargo de&nbsp;Soledad Gonz\u00e1lez, Melina Romero y Milton Torrelli. El objetivo general del llamado a la consultoria fue&nbsp;\u201crelevar y valorizar los desaf\u00edos actuales del sector cooperativo uruguayo ante la crisis y aportar&nbsp;nuevas l\u00edneas estrat\u00e9gicas para su desarrollo y sustentabilidad\u201d.&nbsp; Algunos de los aspectos [&#8230;]<\/p>\n","protected":false},"author":27,"featured_media":3274,"comment_status":"open","ping_status":"open","sticky":false,"template":"","format":"standard","meta":{"_acf_changed":false,"ngg_post_thumbnail":0,"footnotes":""},"categories":[7,6,1],"tags":[],"class_list":["post-3272","post","type-post","status-publish","format-standard","has-post-thumbnail","hentry","category-cooperativas","category-institucionales","category-noticias"],"acf":[],"_links":{"self":[{"href":"http:\/\/www.cudecoop.coop\/cudecoop\/wp-json\/wp\/v2\/posts\/3272","targetHints":{"allow":["GET"]}}],"collection":[{"href":"http:\/\/www.cudecoop.coop\/cudecoop\/wp-json\/wp\/v2\/posts"}],"about":[{"href":"http:\/\/www.cudecoop.coop\/cudecoop\/wp-json\/wp\/v2\/types\/post"}],"author":[{"embeddable":true,"href":"http:\/\/www.cudecoop.coop\/cudecoop\/wp-json\/wp\/v2\/users\/27"}],"replies":[{"embeddable":true,"href":"http:\/\/www.cudecoop.coop\/cudecoop\/wp-json\/wp\/v2\/comments?post=3272"}],"version-history":[{"count":3,"href":"http:\/\/www.cudecoop.coop\/cudecoop\/wp-json\/wp\/v2\/posts\/3272\/revisions"}],"predecessor-version":[{"id":3277,"href":"http:\/\/www.cudecoop.coop\/cudecoop\/wp-json\/wp\/v2\/posts\/3272\/revisions\/3277"}],"wp:featuredmedia":[{"embeddable":true,"href":"http:\/\/www.cudecoop.coop\/cudecoop\/wp-json\/wp\/v2\/media\/3274"}],"wp:attachment":[{"href":"http:\/\/www.cudecoop.coop\/cudecoop\/wp-json\/wp\/v2\/media?parent=3272"}],"wp:term":[{"taxonomy":"category","embeddable":true,"href":"http:\/\/www.cudecoop.coop\/cudecoop\/wp-json\/wp\/v2\/categories?post=3272"},{"taxonomy":"post_tag","embeddable":true,"href":"http:\/\/www.cudecoop.coop\/cudecoop\/wp-json\/wp\/v2\/tags?post=3272"}],"curies":[{"name":"wp","href":"https:\/\/api.w.org\/{rel}","templated":true}]}}