{"id":3264,"date":"2020-07-21T16:43:10","date_gmt":"2020-07-21T16:43:10","guid":{"rendered":"http:\/\/www.cudecoop.coop\/cudecoop\/?p=3264"},"modified":"2020-07-21T16:48:23","modified_gmt":"2020-07-21T16:48:23","slug":"evaluacion-de-impacto-procoop-en-beneficiarios","status":"publish","type":"post","link":"http:\/\/www.cudecoop.coop\/cudecoop\/evaluacion-de-impacto-procoop-en-beneficiarios\/","title":{"rendered":"Evaluaci\u00f3n de impacto PROCOOP en beneficiarios"},"content":{"rendered":"<p>El martes 21 de julio se present\u00f3 en INEFOP la evaluaci\u00f3n del impacto en beneficiarios del Programa de Formaci\u00f3n Cooperativa &#8211; PROCOOP &#8211; a cargo de la consultora KPMG Uruguay.&nbsp;<\/p>\n<p>Estuvieron presentes autoridades de las organizaciones parte de este instrumento: Pablo Darscht, Director General de INEFOP; Mart\u00edn Fern\u00e1ndez, Presidente de INACOOP -ambas partes firmaron una adenda que compromete la continuidad del Programa por 6 meses, mientras se elabora un nuevo convenio para los siguientes dos a\u00f1os- ; y por el Ejecutivo de CUDECOOP, su Secretaria Alicia Maneiro; Vicepresidenta \u00c1ngeles Dati y&nbsp; Tesorero Ad\u00e1n Mart\u00ednez.&nbsp;<\/p>\n<p>Los resultados de la investigaci\u00f3n arrojan una valoraci\u00f3n positiva&nbsp; en cuanto al&nbsp; impacto y buenas perspectivas del Programa para proyectar, dejando al Procoop como un instrumento de capacitaci\u00f3n y asistencia t\u00e9cnica \u00fanico en sus caracter\u00edsticas para el sector. Adjuntamos la presentaci\u00f3n utilizada por la Consultora.&nbsp;<\/p>\n<p><a href=\"http:\/\/www.cudecoop.coop\/cudecoop\/wp-content\/uploads\/2020\/07\/Presentaci\u00f3n_v14.pptx\">Presentaci\u00f3n impacto PROCOOP en las cooperativas &#8211; KPMG<\/a><\/p>\n<p>&nbsp;<\/p>\n<p>&nbsp;<\/p>\n<p>&nbsp;<\/p>\n","protected":false},"excerpt":{"rendered":"<p>El martes 21 de julio se present\u00f3 en INEFOP la evaluaci\u00f3n del impacto en beneficiarios del Programa de Formaci\u00f3n Cooperativa &#8211; PROCOOP &#8211; a cargo de la consultora KPMG Uruguay.&nbsp; Estuvieron presentes autoridades de las organizaciones parte de este instrumento: Pablo Darscht, Director General de INEFOP; Mart\u00edn Fern\u00e1ndez, Presidente de INACOOP -ambas partes firmaron una adenda que compromete la continuidad del Programa por 6 meses, mientras se elabora un nuevo convenio para los siguientes dos a\u00f1os- ; y por el Ejecutivo de CUDECOOP, su Secretaria Alicia Maneiro; Vicepresidenta \u00c1ngeles Dati y&nbsp; Tesorero Ad\u00e1n Mart\u00ednez.&nbsp; Los resultados de la investigaci\u00f3n arrojan [&#8230;]<\/p>\n","protected":false},"author":27,"featured_media":3267,"comment_status":"open","ping_status":"open","sticky":false,"template":"","format":"standard","meta":{"_acf_changed":false,"ngg_post_thumbnail":0,"footnotes":""},"categories":[7,6,1],"tags":[],"class_list":["post-3264","post","type-post","status-publish","format-standard","has-post-thumbnail","hentry","category-cooperativas","category-institucionales","category-noticias"],"acf":[],"_links":{"self":[{"href":"http:\/\/www.cudecoop.coop\/cudecoop\/wp-json\/wp\/v2\/posts\/3264","targetHints":{"allow":["GET"]}}],"collection":[{"href":"http:\/\/www.cudecoop.coop\/cudecoop\/wp-json\/wp\/v2\/posts"}],"about":[{"href":"http:\/\/www.cudecoop.coop\/cudecoop\/wp-json\/wp\/v2\/types\/post"}],"author":[{"embeddable":true,"href":"http:\/\/www.cudecoop.coop\/cudecoop\/wp-json\/wp\/v2\/users\/27"}],"replies":[{"embeddable":true,"href":"http:\/\/www.cudecoop.coop\/cudecoop\/wp-json\/wp\/v2\/comments?post=3264"}],"version-history":[{"count":1,"href":"http:\/\/www.cudecoop.coop\/cudecoop\/wp-json\/wp\/v2\/posts\/3264\/revisions"}],"predecessor-version":[{"id":3266,"href":"http:\/\/www.cudecoop.coop\/cudecoop\/wp-json\/wp\/v2\/posts\/3264\/revisions\/3266"}],"wp:featuredmedia":[{"embeddable":true,"href":"http:\/\/www.cudecoop.coop\/cudecoop\/wp-json\/wp\/v2\/media\/3267"}],"wp:attachment":[{"href":"http:\/\/www.cudecoop.coop\/cudecoop\/wp-json\/wp\/v2\/media?parent=3264"}],"wp:term":[{"taxonomy":"category","embeddable":true,"href":"http:\/\/www.cudecoop.coop\/cudecoop\/wp-json\/wp\/v2\/categories?post=3264"},{"taxonomy":"post_tag","embeddable":true,"href":"http:\/\/www.cudecoop.coop\/cudecoop\/wp-json\/wp\/v2\/tags?post=3264"}],"curies":[{"name":"wp","href":"https:\/\/api.w.org\/{rel}","templated":true}]}}