{"id":3252,"date":"2020-07-09T15:58:49","date_gmt":"2020-07-09T15:58:49","guid":{"rendered":"http:\/\/www.cudecoop.coop\/cudecoop\/?p=3252"},"modified":"2020-07-09T15:58:49","modified_gmt":"2020-07-09T15:58:49","slug":"llamado-a-asamblea-general-ordinaria-4","status":"publish","type":"post","link":"http:\/\/www.cudecoop.coop\/cudecoop\/llamado-a-asamblea-general-ordinaria-4\/","title":{"rendered":"LLAMADO A ASAMBLEA GENERAL ORDINARIA"},"content":{"rendered":"<p style=\"font-weight: 400;\"><strong>LLAMADO ASAMBLEA GENERAL ORDINARIA 2020<\/strong><\/p>\n<p style=\"font-weight: 400;\">&nbsp;<\/p>\n<p style=\"font-weight: 400;\">El Consejo Directivo de la Confederaci\u00f3n Uruguaya de Entidades Cooperativas, cumpliendo con los art\u00edculos 28 y 30 de sus estatutos, convoca a sus asociados a la Asamblea General Ordinaria a realizarse el d\u00eda 30 de julio de 2020 en la Sede de CUDECOOP ubicada en Av. 18 de Julio 948 oficina 502, Montevideo.<\/p>\n<p style=\"font-weight: 400;\">&nbsp;<\/p>\n<p style=\"font-weight: 400;\"><strong>Orden del D\u00eda:<\/strong><\/p>\n<p style=\"font-weight: 400;\">&nbsp;<\/p>\n<ol>\n<li style=\"font-weight: 400;\">Consideraci\u00f3n del Acta anterior<\/li>\n<li style=\"font-weight: 400;\">Remoci\u00f3n del Consejero de FCPU<\/li>\n<li style=\"font-weight: 400;\">Memoria Anual Ejercicio 2019<\/li>\n<li style=\"font-weight: 400;\">Estados Contables Ejercicio 2019<\/li>\n<li style=\"font-weight: 400;\">Informe de la Comisi\u00f3n Fiscal<\/li>\n<li style=\"font-weight: 400;\">Distribuci\u00f3n de excedentes o financiaci\u00f3n de p\u00e9rdidas<\/li>\n<li style=\"font-weight: 400;\">Fijaci\u00f3n de pol\u00edticas y planes para el nuevo ejercicio<\/li>\n<\/ol>\n<p style=\"font-weight: 400;\">&nbsp;<\/p>\n<p style=\"font-weight: 400;\">&nbsp;<\/p>\n<p style=\"font-weight: 400;\">&nbsp;<\/p>\n<p style=\"font-weight: 400;\">1\u00aa Convocatoria \u2013 hora 16:00<\/p>\n<p style=\"font-weight: 400;\">2\u00aa Convocatoria \u2013 hora 16:30<\/p>\n<p style=\"font-weight: 400;\"><a href=\"http:\/\/www.cudecoop.coop\/cudecoop\/wp-content\/uploads\/2020\/07\/LLamado-a-AGO-2020.pdf\">LLamado a AGO 2020<\/a><\/p>\n","protected":false},"excerpt":{"rendered":"<p>LLAMADO ASAMBLEA GENERAL ORDINARIA 2020 &nbsp; El Consejo Directivo de la Confederaci\u00f3n Uruguaya de Entidades Cooperativas, cumpliendo con los art\u00edculos 28 y 30 de sus estatutos, convoca a sus asociados a la Asamblea General Ordinaria a realizarse el d\u00eda 30 de julio de 2020 en la Sede de CUDECOOP ubicada en Av. 18 de Julio 948 oficina 502, Montevideo. &nbsp; Orden del D\u00eda: &nbsp; Consideraci\u00f3n del Acta anterior Remoci\u00f3n del Consejero de FCPU Memoria Anual Ejercicio 2019 Estados Contables Ejercicio 2019 Informe de la Comisi\u00f3n Fiscal Distribuci\u00f3n de excedentes o financiaci\u00f3n de p\u00e9rdidas Fijaci\u00f3n de pol\u00edticas y planes para el [&#8230;]<\/p>\n","protected":false},"author":27,"featured_media":0,"comment_status":"open","ping_status":"open","sticky":false,"template":"","format":"standard","meta":{"_acf_changed":false,"ngg_post_thumbnail":0,"footnotes":""},"categories":[7,6,1],"tags":[],"class_list":["post-3252","post","type-post","status-publish","format-standard","hentry","category-cooperativas","category-institucionales","category-noticias"],"acf":[],"_links":{"self":[{"href":"http:\/\/www.cudecoop.coop\/cudecoop\/wp-json\/wp\/v2\/posts\/3252","targetHints":{"allow":["GET"]}}],"collection":[{"href":"http:\/\/www.cudecoop.coop\/cudecoop\/wp-json\/wp\/v2\/posts"}],"about":[{"href":"http:\/\/www.cudecoop.coop\/cudecoop\/wp-json\/wp\/v2\/types\/post"}],"author":[{"embeddable":true,"href":"http:\/\/www.cudecoop.coop\/cudecoop\/wp-json\/wp\/v2\/users\/27"}],"replies":[{"embeddable":true,"href":"http:\/\/www.cudecoop.coop\/cudecoop\/wp-json\/wp\/v2\/comments?post=3252"}],"version-history":[{"count":1,"href":"http:\/\/www.cudecoop.coop\/cudecoop\/wp-json\/wp\/v2\/posts\/3252\/revisions"}],"predecessor-version":[{"id":3254,"href":"http:\/\/www.cudecoop.coop\/cudecoop\/wp-json\/wp\/v2\/posts\/3252\/revisions\/3254"}],"wp:attachment":[{"href":"http:\/\/www.cudecoop.coop\/cudecoop\/wp-json\/wp\/v2\/media?parent=3252"}],"wp:term":[{"taxonomy":"category","embeddable":true,"href":"http:\/\/www.cudecoop.coop\/cudecoop\/wp-json\/wp\/v2\/categories?post=3252"},{"taxonomy":"post_tag","embeddable":true,"href":"http:\/\/www.cudecoop.coop\/cudecoop\/wp-json\/wp\/v2\/tags?post=3252"}],"curies":[{"name":"wp","href":"https:\/\/api.w.org\/{rel}","templated":true}]}}