{"id":3250,"date":"2020-07-10T15:43:51","date_gmt":"2020-07-10T15:43:51","guid":{"rendered":"http:\/\/www.cudecoop.coop\/cudecoop\/?p=3250"},"modified":"2020-07-10T15:51:27","modified_gmt":"2020-07-10T15:51:27","slug":"las-experiencias-cooperativas-deben-ser-exitosas","status":"publish","type":"post","link":"http:\/\/www.cudecoop.coop\/cudecoop\/las-experiencias-cooperativas-deben-ser-exitosas\/","title":{"rendered":"&#8220;Trabajaremos para que las experiencias cooperativas sean exitosas&#8221;\u00a0"},"content":{"rendered":"<p>En la ma\u00f1ana del jueves 9 de julio, se reuni\u00f3 el Consejo directivo de CUDECOOP representando al movimiento cooperativo con el ministro de Trabajo y Seguridad Social, Pablo Mieres; el presidente de INACOOP, Mart\u00edn Fern\u00e1ndez; y el director general de INEFOP, Pablo Darscht.&nbsp;<\/p>\n<p>Al comenzar la actividad el Ministro Mieres destac\u00f3, dada la coyuntura, que el sector cooperativo es quien presenta menor&nbsp;porcentaje de personas en el seguro de paro en relaci\u00f3n a lo que pasa en los otros sectores, refiri\u00e9ndose a otros modelos empresariales. Y resalt\u00f3 el rol de CUDECOOP en los institutos representando a la sociedad civil organizada desde un lugar de autonom\u00eda, &#8220;el mundo cooperativo es heterog\u00e9neo y es determinante su voz para la construcci\u00f3n de pol\u00edticas p\u00fablicas focalizadas&#8221;.&nbsp;<\/p>\n<div>Continu\u00f3 refiri\u00e9ndose al trabajo por y con el sector cooperativo marcando tres grandes objetivos:<\/div>\n<div>&nbsp;<\/div>\n<div>1. Fortalecer la imagen cooperativa para de esta forma darle al cooperativismo una presencia cada vez m\u00e1s fuerte. Desde Inacoop identificar&nbsp; problemas a&nbsp;a resolver y los modelos exitosos para hacerlos visibles en el mapa p\u00fablico nacional.&nbsp;<\/div>\n<div>&nbsp;<\/div>\n<div>2. Desarrollar fuerte presencia en todo el territorio nacional. &#8220;El cooperativismo debe apoyar al modelo de pa\u00eds descentralizado, por esto el di\u00e1logo con los gobiernos departamentales y municipios. Inacoop debe generar apuesta a la descentralizaci\u00f3n.&#8221;&nbsp;<\/div>\n<div>&nbsp;<\/div>\n<div>3. Acompa\u00f1ar al movimiento cooperativo en la b\u00fasqueda de la competitividad. &#8220;El cooperativismo es la m\u00e1xima expresi\u00f3n de la econom\u00eda social y solidaria&nbsp; y adem\u00e1s eso no debe estar separado con generar experiencias desde la eficacia, sino que estas experiencias deben estar emparentadas con el \u00e9xito.&#8221;&nbsp;<\/div>\n<div>&nbsp;<\/div>\n<div>Destac\u00f3 al cerrar su participaci\u00f3n, la importancia que representa el INACOOP para el Ministerio, ya que se lo entiende como un instrumento clave a trav\u00e9s del cual se potencia la participaci\u00f3n de la sociedad civil.&nbsp;<\/div>\n<div>&nbsp;<\/div>\n<div>\n<div dir=\"ltr\">\n<div>\n<div>\n<div>Por otro lado, Mart\u00edn Fern\u00e1ndez, resalt\u00f3 el rol del Instituto como&nbsp;herramienta que incorpora las sensibilidades del movimiento cooperativo, junto a la mirada del Poder Ejecutivo fomentando la representaci\u00f3n gremi<span style=\"color: #000000;\">al.&nbsp;Se\u00f1al\u00f3 que el \u00e9xito del Instituto est\u00e1 en su naturaleza co-gestioanda.&nbsp;Adem\u00e1s d<\/span>e destacar el rol de Graciela Fern\u00e1ndez como Presidenta de las Cooperativas de Am\u00e9ricas y representante del movimiento cooperativo nacional,&nbsp;se refiri\u00f3 al papel de Inacoop para bajar fronteras entre organismos p\u00fablicos al poder trabajar, por ejemplo, sobre los contratos p\u00fablicos, y sobre esto afirm\u00f3 que &#8220;hay&nbsp;un reclamo que se realiza al Instituto, y por m\u00e1s que no nos lo marque la Ley (18.407) lo tenemos que asumir,&nbsp;<span style=\"font-size: 1rem;\">el pasaje de las cooperativas sociales a cooperativas de trabajo para la formalizaci\u00f3n del empleo, dado que buena parte de ellas tienen la capacidad de hacer el pasaje&#8221;, resalt\u00f3 Fern\u00e1ndez.<\/span><\/div>\n<\/div>\n<\/div>\n<\/div>\n<div dir=\"ltr\">\n<div>\n<div>\n<div>&nbsp;<\/div>\n<\/div>\n<\/div>\n<\/div>\n<div dir=\"ltr\">\n<div>\n<div>\n<div>En ese sentido, destac\u00f3 adem\u00e1s que&nbsp;el desarrollo que tiene el movimiento cooperativo en el pa\u00eds es un fen\u00f3meno territorial, sobre el cual &#8220;tenemos&nbsp;que tratar de estar m\u00e1s cerca del cooperativismo, por eso es clave el trabajo d las mesas intercooperativas , con las cuales queremos generar mayor sinergia (&#8230;) Adem\u00e1s la&nbsp;negociaci\u00f3n colectiva en el cooperativismo, nos parece fundamental por eso propusimos transitar en el camino de la formaci\u00f3n de funcionarios de Dinatra (Direcci\u00f3n Nacional de Trabajadores).<\/div>\n<\/div>\n<\/div>\n<\/div>\n<div dir=\"ltr\">\n<div>\n<div>\n<div>&nbsp;<\/div>\n<\/div>\n<\/div>\n<\/div>\n<div dir=\"ltr\">\n<div>\n<div>\n<div><span style=\"color: #000000;\">El director general de INEFOP&nbsp;reconoci\u00f3 la naturaleza multipartita del Instituto y se\u00f1al\u00f3&nbsp;estar conforme con los&nbsp;convenios recientemente firmados y la cobertura que el PROCOOP ha tenido en su despliegue territorial.&nbsp; &#8220;2\/3 de los fondos (de PROCOOP) fueron a actividades en el interior del pa\u00eds, esa acci\u00f3n concreta en todo el territorio es destacable&nbsp;por ser (INEFOP) un instituto&nbsp;capitalino&#8221;, destac\u00f3 Darscht.&nbsp;<\/span><\/div>\n<\/div>\n<\/div>\n<\/div>\n<div dir=\"ltr\">\n<div>\n<p><span style=\"color: #000000;\">Continuando se refiri\u00f3 a los desaf\u00edos que se enfrenta el Instituto actualmente por&nbsp;las competencias transversales, que est\u00e1n ligadas a la digitalizaci\u00f3n de la econom\u00eda, el foco est\u00e1 en incorporar las destrezas&nbsp;tecnol\u00f3gicas necesarias.<\/span><\/p>\n<div>&nbsp;<\/div>\n<\/div>\n<div>Al concluir esta primer parte del conversatorio, se pas\u00f3 al intercambio con cooperativistas quienes plantearon preguntas y comentarios a las autoridades.&nbsp;<\/div>\n<div>&nbsp;<\/div>\n<div>Para cerrar, la presidenta de Cudecoop, Graciela Fern\u00e1ndez, agradeci\u00f3 a las autoridades y destac\u00f3 aspectos generados a partir del intercambio, como por ejemplo la&nbsp;importancia de la co-gesti\u00f3n en lograr un resultado en las pol\u00edticas p\u00fablicas destacado por Mieres, a lo que agreg\u00f3&nbsp; &#8220;vamos hacia lo que es el cuatripartismo (refiri\u00e9ndose al documento generado por los 100 a\u00f1os de la OIT). Sabemos que es un tema complejo con el PIT CNT y las c\u00e1maras empresariales, pero somos nosotros quienes debemos velar y poner los temas sobre la mesa, hay un reconocimiento de nuestra actividad en INEFOP por parte de quienes desempe\u00f1an hoy la direcci\u00f3n general del Instituto&#8221;, dijo refiri\u00e9ndose a el lugar que ocupa la econom\u00eda social en dicho instituto, con motivo de la b\u00fasqueda de la votaci\u00f3n en el directorio.&nbsp;<\/div>\n<div>&nbsp;<\/div>\n<div>Por otro lado destac\u00f3, &#8220;competencia y eficiencia son temas centrales para nuestras cooperativas. Debemos incidir en los sectores productivos que pueden mover la incidencia en el PBI, pero no solo en lo econ\u00f3mico, ya que hemos hecho la mayor incidencia a nivel social,&#8221; dijo refiri\u00e9ndose a las&nbsp; cooperativas del sector agrario y de trabajo.&nbsp;&nbsp;<\/div>\n<div>&nbsp;<\/div>\n<div>Refiri\u00e9ndose al momento de creaci\u00f3n del modelo de cooperativas sociales, ano 2002, destac\u00f3 que &#8220;en una de las crisis econ\u00f3micas que atraves\u00f3 el pa\u00eds, se cre\u00f3 el modelo de cooperativas sociales, por las cuales hoy la FCPU junto a Inacoop, deber\u00e1n evaluar si est\u00e1n prontas para el pasaje a cooperativas de trabajo, pero sin dejar de lado la capacitaci\u00f3n y formaci\u00f3n, y ver c\u00f3mo tributariamente nos podemos ordenar en este tema.&#8221;<\/div>\n<div>&nbsp;<\/div>\n<div>Por otro lado destac\u00f3 que el Fondes es una herramienta clave para el movimiento cooperativo nacional, de la cual &#8220;necesitamos el apalancamiento porque el sistema financiero nacional no responde a lo que s\u00ed responde el sistema cooperativo financiero.&#8221; En ese sentido las cooperativas de ahorro y cr\u00e9dito han sido figuras clave en el territorio nacional que han brindado financiamiento y pr\u00e9stamo a los otros modelos cooperativos, a la agricultura familiar y organizaciones de la econom\u00eda social y solidaria, d\u00e1ndoles la capacidad de financiamiento y pr\u00e9stamo, por esto debe estar en discusi\u00f3n en el Fondes, este debe apoyar nuestros procesos productivos.&nbsp;<\/div>\n<div>&nbsp;<\/div>\n<div>Con respecto a que el sector vivienda se ha visto perjudicado en los \u00faltimos meses, se refiri\u00f3 a la necesidad de pol\u00edticas de vivienda que reconozcan al cooperativismo como herramienta clave para otorgar viviendas a sectores de la poblaci\u00f3n, que de otra forma no se pueden dar.&nbsp;<\/div>\n<div>&nbsp;<\/div>\n<div>Y destac\u00f3 la importancia de que se capacite y eduque a negociadores y t\u00e9cnicos que llevan adelante los consejos de salarios en materia cooperativa. es un puntapi\u00e9 importante dentro del ministerio de trabajo.&nbsp;<\/div>\n<\/div>\n<\/div>\n<div>&nbsp;<\/div>\n<div>Se pueden ver y escuchar las intervenciones completas en el siguiente link:<\/div>\n<div>\n<div>https:\/\/www.youtube.com\/watch?v=UnTOSqWvDOc<\/div>\n<div dir=\"ltr\">\n<div>&nbsp;<\/div>\n<\/div>\n<\/div>\n","protected":false},"excerpt":{"rendered":"<p>En la ma\u00f1ana del jueves 9 de julio, se reuni\u00f3 el Consejo directivo de CUDECOOP representando al movimiento cooperativo con el ministro de Trabajo y Seguridad Social, Pablo Mieres; el presidente de INACOOP, Mart\u00edn Fern\u00e1ndez; y el director general de INEFOP, Pablo Darscht.&nbsp; Al comenzar la actividad el Ministro Mieres destac\u00f3, dada la coyuntura, que el sector cooperativo es quien presenta menor&nbsp;porcentaje de personas en el seguro de paro en relaci\u00f3n a lo que pasa en los otros sectores, refiri\u00e9ndose a otros modelos empresariales. Y resalt\u00f3 el rol de CUDECOOP en los institutos representando a la sociedad civil organizada desde [&#8230;]<\/p>\n","protected":false},"author":27,"featured_media":3257,"comment_status":"open","ping_status":"open","sticky":false,"template":"","format":"standard","meta":{"_acf_changed":false,"ngg_post_thumbnail":0,"footnotes":""},"categories":[7,6,1],"tags":[],"class_list":["post-3250","post","type-post","status-publish","format-standard","has-post-thumbnail","hentry","category-cooperativas","category-institucionales","category-noticias"],"acf":[],"_links":{"self":[{"href":"http:\/\/www.cudecoop.coop\/cudecoop\/wp-json\/wp\/v2\/posts\/3250","targetHints":{"allow":["GET"]}}],"collection":[{"href":"http:\/\/www.cudecoop.coop\/cudecoop\/wp-json\/wp\/v2\/posts"}],"about":[{"href":"http:\/\/www.cudecoop.coop\/cudecoop\/wp-json\/wp\/v2\/types\/post"}],"author":[{"embeddable":true,"href":"http:\/\/www.cudecoop.coop\/cudecoop\/wp-json\/wp\/v2\/users\/27"}],"replies":[{"embeddable":true,"href":"http:\/\/www.cudecoop.coop\/cudecoop\/wp-json\/wp\/v2\/comments?post=3250"}],"version-history":[{"count":3,"href":"http:\/\/www.cudecoop.coop\/cudecoop\/wp-json\/wp\/v2\/posts\/3250\/revisions"}],"predecessor-version":[{"id":3258,"href":"http:\/\/www.cudecoop.coop\/cudecoop\/wp-json\/wp\/v2\/posts\/3250\/revisions\/3258"}],"wp:featuredmedia":[{"embeddable":true,"href":"http:\/\/www.cudecoop.coop\/cudecoop\/wp-json\/wp\/v2\/media\/3257"}],"wp:attachment":[{"href":"http:\/\/www.cudecoop.coop\/cudecoop\/wp-json\/wp\/v2\/media?parent=3250"}],"wp:term":[{"taxonomy":"category","embeddable":true,"href":"http:\/\/www.cudecoop.coop\/cudecoop\/wp-json\/wp\/v2\/categories?post=3250"},{"taxonomy":"post_tag","embeddable":true,"href":"http:\/\/www.cudecoop.coop\/cudecoop\/wp-json\/wp\/v2\/tags?post=3250"}],"curies":[{"name":"wp","href":"https:\/\/api.w.org\/{rel}","templated":true}]}}