{"id":3242,"date":"2020-07-02T15:21:01","date_gmt":"2020-07-02T15:21:01","guid":{"rendered":"http:\/\/www.cudecoop.coop\/cudecoop\/?p=3242"},"modified":"2020-07-02T15:21:01","modified_gmt":"2020-07-02T15:21:01","slug":"comunicado-de-cudecoop-por-el-dia-internacional-de-las-cooperativas-2020","status":"publish","type":"post","link":"http:\/\/www.cudecoop.coop\/cudecoop\/comunicado-de-cudecoop-por-el-dia-internacional-de-las-cooperativas-2020\/","title":{"rendered":"Comunicado de CUDECOOP por el D\u00eda Internacional de las Cooperativas 2020"},"content":{"rendered":"<p>Este primer s\u00e1bado de julio, como todos los a\u00f1os desde 1923, se celebra un nuevo D\u00eda Internacional de las Cooperativas. En esta ocasi\u00f3n, bajo el lema \u201cLas Cooperativas y la Acci\u00f3n por el Clima\u201d.<\/p>\n<p>Se trata de una fecha siempre especial, pero que este a\u00f1o particularmente cobra mayor relevancia, por los desaf\u00edos globales que nos unen en la lucha contra la Pandemia del COVID-19 y sus efectos.<\/p>\n<p>No es posible desvincular el grave deterioro del plantea a las cat\u00e1strofes globales que golpean con cada vez m\u00e1s recurrencia al planeta y a la Humanidad.<\/p>\n<p>Es por ello que la Alianza Cooperativa Internacional ha asumido como responsabilidad propia, la contribuci\u00f3n de las cooperativas de todo el mundo a los Objetivos de Desarrollo Sostenible de las Naciones Unidas, incorpor\u00e1ndolos como gu\u00edas de su propio Plan para la Segunda D\u00e9cada de las Cooperativas 2020 \u2013 2030.<\/p>\n<p>Es en este sentido que ACI ha promovido que el Comit\u00e9 para la Promoci\u00f3n y el Avance de las Cooperativas (COPAC) de Naciones Unidas centrara la celebraci\u00f3n de este d\u00eda en el ODS 13, invitando a todo el mundo a unirse a la lucha contra el cambio clim\u00e1tico.<\/p>\n<p>En Uruguay, CUDECOOP se ha esforzado por que los ODS y la Agenda 2030 del Desarrollo Sostenible sea conocida y asumida por el Movimiento Cooperativo Nacional como una bandera propia.<\/p>\n<p>En esta significativa fecha, queremos agradecer a los centenares de cooperativas y los miles de cooperativistas que han comprometido esfuerzos en atenuar los efectos m\u00e1s complejos de la pandemia. Todas las Clases Cooperativas han realizado valiosos esfuerzos para cuidar a sus asociados y trabajadores, as\u00ed como han instrumentado diversos dispositivos de colaboraci\u00f3n con los sectores m\u00e1s afectados por el impacto econ\u00f3mico y laboral de la Crisis.<\/p>\n<p>La Pandemia ha demostrado la importancia de que los pa\u00edses construyan instituciones fuertes, capaces de responder a los continuos impactos de crisis globales, que cada vez ser\u00e1n de mayor reiteraci\u00f3n e impacto.<\/p>\n<p>Las cooperativas seguimos demostrando nuestra capacidad de resiliencia, y es importante que este reconocimiento sea tenido en cuenta a la hora de promover respuestas para la reactivaci\u00f3n y la post-pandemia.<\/p>\n<p>Las cooperativas estamos comprometidas y seremos parte sustantiva de la construcci\u00f3n de la nueva realidad.<\/p>\n<p>&nbsp;<\/p>\n<p>&nbsp;<\/p>\n<p>&nbsp;<\/p>\n<p>&nbsp;<\/p>\n","protected":false},"excerpt":{"rendered":"<p>Este primer s\u00e1bado de julio, como todos los a\u00f1os desde 1923, se celebra un nuevo D\u00eda Internacional de las Cooperativas. En esta ocasi\u00f3n, bajo el lema \u201cLas Cooperativas y la Acci\u00f3n por el Clima\u201d. Se trata de una fecha siempre especial, pero que este a\u00f1o particularmente cobra mayor relevancia, por los desaf\u00edos globales que nos unen en la lucha contra la Pandemia del COVID-19 y sus efectos. No es posible desvincular el grave deterioro del plantea a las cat\u00e1strofes globales que golpean con cada vez m\u00e1s recurrencia al planeta y a la Humanidad. Es por ello que la Alianza Cooperativa [&#8230;]<\/p>\n","protected":false},"author":27,"featured_media":3243,"comment_status":"open","ping_status":"open","sticky":false,"template":"","format":"standard","meta":{"_acf_changed":false,"ngg_post_thumbnail":0,"footnotes":""},"categories":[7,6,1],"tags":[],"class_list":["post-3242","post","type-post","status-publish","format-standard","has-post-thumbnail","hentry","category-cooperativas","category-institucionales","category-noticias"],"acf":[],"_links":{"self":[{"href":"http:\/\/www.cudecoop.coop\/cudecoop\/wp-json\/wp\/v2\/posts\/3242","targetHints":{"allow":["GET"]}}],"collection":[{"href":"http:\/\/www.cudecoop.coop\/cudecoop\/wp-json\/wp\/v2\/posts"}],"about":[{"href":"http:\/\/www.cudecoop.coop\/cudecoop\/wp-json\/wp\/v2\/types\/post"}],"author":[{"embeddable":true,"href":"http:\/\/www.cudecoop.coop\/cudecoop\/wp-json\/wp\/v2\/users\/27"}],"replies":[{"embeddable":true,"href":"http:\/\/www.cudecoop.coop\/cudecoop\/wp-json\/wp\/v2\/comments?post=3242"}],"version-history":[{"count":1,"href":"http:\/\/www.cudecoop.coop\/cudecoop\/wp-json\/wp\/v2\/posts\/3242\/revisions"}],"predecessor-version":[{"id":3244,"href":"http:\/\/www.cudecoop.coop\/cudecoop\/wp-json\/wp\/v2\/posts\/3242\/revisions\/3244"}],"wp:featuredmedia":[{"embeddable":true,"href":"http:\/\/www.cudecoop.coop\/cudecoop\/wp-json\/wp\/v2\/media\/3243"}],"wp:attachment":[{"href":"http:\/\/www.cudecoop.coop\/cudecoop\/wp-json\/wp\/v2\/media?parent=3242"}],"wp:term":[{"taxonomy":"category","embeddable":true,"href":"http:\/\/www.cudecoop.coop\/cudecoop\/wp-json\/wp\/v2\/categories?post=3242"},{"taxonomy":"post_tag","embeddable":true,"href":"http:\/\/www.cudecoop.coop\/cudecoop\/wp-json\/wp\/v2\/tags?post=3242"}],"curies":[{"name":"wp","href":"https:\/\/api.w.org\/{rel}","templated":true}]}}