{"id":3239,"date":"2020-06-30T14:38:52","date_gmt":"2020-06-30T14:38:52","guid":{"rendered":"http:\/\/www.cudecoop.coop\/cudecoop\/?p=3239"},"modified":"2020-06-30T14:38:52","modified_gmt":"2020-06-30T14:38:52","slug":"llamado-abierto-a-cargo-tecnico-para-canelones","status":"publish","type":"post","link":"http:\/\/www.cudecoop.coop\/cudecoop\/llamado-abierto-a-cargo-tecnico-para-canelones\/","title":{"rendered":"Llamado abierto a cargo t\u00e9cnico para Canelones"},"content":{"rendered":"<p>Hasta el 5 de julio se encuentra abierto el llamado a promotor t\u00e9cnico para la Mesa intercooperativa de Canelones.<\/p>\n<p>El Promotor T\u00e9cnico de cada Mesa Intercooperativa tendr\u00e1 una dedicaci\u00f3n<br \/>\npromedio de 10 horas semanales, en r\u00e9gimen de libre horario para desarrollar<br \/>\nsus funciones, salvo la asistencia a las reuniones a las que se le convoque o la<br \/>\natenci\u00f3n de las tareas que se le asignen que ser\u00e1n de car\u00e1cter obligatorio.<\/p>\n<p>Enviar C.V a Alicia Kuster alicia.kuster130@gmail.com, proregio@cudecoop.coop<br \/>\nConsultas: 099 600 447<br \/>\nPLAZO: Hasta el 5 de Julio 2020<\/p>\n<p>&nbsp;<\/p>\n<p><a href=\"http:\/\/www.cudecoop.coop\/cudecoop\/wp-content\/uploads\/2020\/06\/TdeR-Promotor-PDTC-2020-CANELONES.pdf\">TdeR Promotor PDTC 2020 &#8211; CANELONES<\/a><\/p>\n","protected":false},"excerpt":{"rendered":"<p>Hasta el 5 de julio se encuentra abierto el llamado a promotor t\u00e9cnico para la Mesa intercooperativa de Canelones. El Promotor T\u00e9cnico de cada Mesa Intercooperativa tendr\u00e1 una dedicaci\u00f3n<br \/> promedio de 10 horas semanales, en r\u00e9gimen de libre horario para desarrollar<br \/> sus funciones, salvo la asistencia a las reuniones a las que se le convoque o la<br \/> atenci\u00f3n de las tareas que se le asignen que ser\u00e1n de car\u00e1cter obligatorio. Enviar C.V a Alicia Kuster alicia.kuster130@gmail.com, proregio@cudecoop.coop<br \/> Consultas: 099 600 447<br \/> PLAZO: Hasta el 5 de Julio 2020 &nbsp; TdeR Promotor PDTC 2020 &#8211; [&#8230;]<\/p>\n","protected":false},"author":27,"featured_media":0,"comment_status":"open","ping_status":"open","sticky":false,"template":"","format":"standard","meta":{"_acf_changed":false,"ngg_post_thumbnail":0,"footnotes":""},"categories":[7,6,1],"tags":[],"class_list":["post-3239","post","type-post","status-publish","format-standard","hentry","category-cooperativas","category-institucionales","category-noticias"],"acf":[],"_links":{"self":[{"href":"http:\/\/www.cudecoop.coop\/cudecoop\/wp-json\/wp\/v2\/posts\/3239","targetHints":{"allow":["GET"]}}],"collection":[{"href":"http:\/\/www.cudecoop.coop\/cudecoop\/wp-json\/wp\/v2\/posts"}],"about":[{"href":"http:\/\/www.cudecoop.coop\/cudecoop\/wp-json\/wp\/v2\/types\/post"}],"author":[{"embeddable":true,"href":"http:\/\/www.cudecoop.coop\/cudecoop\/wp-json\/wp\/v2\/users\/27"}],"replies":[{"embeddable":true,"href":"http:\/\/www.cudecoop.coop\/cudecoop\/wp-json\/wp\/v2\/comments?post=3239"}],"version-history":[{"count":1,"href":"http:\/\/www.cudecoop.coop\/cudecoop\/wp-json\/wp\/v2\/posts\/3239\/revisions"}],"predecessor-version":[{"id":3241,"href":"http:\/\/www.cudecoop.coop\/cudecoop\/wp-json\/wp\/v2\/posts\/3239\/revisions\/3241"}],"wp:attachment":[{"href":"http:\/\/www.cudecoop.coop\/cudecoop\/wp-json\/wp\/v2\/media?parent=3239"}],"wp:term":[{"taxonomy":"category","embeddable":true,"href":"http:\/\/www.cudecoop.coop\/cudecoop\/wp-json\/wp\/v2\/categories?post=3239"},{"taxonomy":"post_tag","embeddable":true,"href":"http:\/\/www.cudecoop.coop\/cudecoop\/wp-json\/wp\/v2\/tags?post=3239"}],"curies":[{"name":"wp","href":"https:\/\/api.w.org\/{rel}","templated":true}]}}