{"id":3235,"date":"2020-06-26T22:28:00","date_gmt":"2020-06-26T22:28:00","guid":{"rendered":"http:\/\/www.cudecoop.coop\/cudecoop\/?p=3235"},"modified":"2020-06-26T22:28:00","modified_gmt":"2020-06-26T22:28:00","slug":"graciela-fernandez-seleccionada-como-una-de-las-100-mujeres-lideres-en-cooperativas-del-mundo","status":"publish","type":"post","link":"http:\/\/www.cudecoop.coop\/cudecoop\/graciela-fernandez-seleccionada-como-una-de-las-100-mujeres-lideres-en-cooperativas-del-mundo\/","title":{"rendered":"Graciela Fern\u00e1ndez seleccionada como UNA DE LAS \u201c100 MUJERES L\u00cdDERES EN COOPERATIVAS DEL MUNDO\u201d"},"content":{"rendered":"<p>Graciela Fern\u00e1ndez seleccionada como UNA DE LAS \u201c100 MUJERES L\u00cdDERES EN COOPERATIVAS DEL MUNDO\u201d<\/p>\n<p>Nuestra compa\u00f1era y Presidenta, Dra. Graciela Fern\u00e1ndez fue recientemente seleccionada por parte del movimiento mundial She-Coops: organizaci\u00f3n que promueve y defiende las cooperativas en desarrollo de mujeres, como movimiento global econ\u00f3mico y social de ayuda mutua.<br \/>\nCompartimos algunas l\u00edneas sobre los motivos de la selecci\u00f3n: \u201cel liderazgo femenino en las cooperativas es un s\u00edmbolo para nosotras. La decisi\u00f3n de reconocer y honrar dicho liderazgo en todo el mundo se produce en un momento en que el movimiento cooperativo da cuenta de su competitividad y salud a largo plazo, y en que el sector requiere remediar la paridad de g\u00e9nero en el movimiento, as\u00ed como equilibrar el liderazgo como factor determinante para mantener la ventaja competitiva.\u201d<br \/>\n\u201cEl reconocimiento muestra la excelencia de la persona en el liderazgo, como lo demuestran las iniciativas sobresalientes, el impacto del trabajo y la inspiraci\u00f3n para los dem\u00e1s. Este reconocimiento tambi\u00e9n busca alentar una mayor participaci\u00f3n de las mujeres en el sector cooperativo y espera motivar a m\u00e1s de ellas a buscar posiciones de liderazgo dentro del movimiento\u201d<\/p>\n<p>shecoops.org<\/p>\n","protected":false},"excerpt":{"rendered":"<p>Graciela Fern\u00e1ndez seleccionada como UNA DE LAS \u201c100 MUJERES L\u00cdDERES EN COOPERATIVAS DEL MUNDO\u201d Nuestra compa\u00f1era y Presidenta, Dra. Graciela Fern\u00e1ndez fue recientemente seleccionada por parte del movimiento mundial She-Coops: organizaci\u00f3n que promueve y defiende las cooperativas en desarrollo de mujeres, como movimiento global econ\u00f3mico y social de ayuda mutua.<br \/> Compartimos algunas l\u00edneas sobre los motivos de la selecci\u00f3n: \u201cel liderazgo femenino en las cooperativas es un s\u00edmbolo para nosotras. La decisi\u00f3n de reconocer y honrar dicho liderazgo en todo el mundo se produce en un momento en que el movimiento cooperativo da cuenta de su competitividad y salud [&#8230;]<\/p>\n","protected":false},"author":27,"featured_media":3236,"comment_status":"open","ping_status":"open","sticky":false,"template":"","format":"standard","meta":{"_acf_changed":false,"ngg_post_thumbnail":0,"footnotes":""},"categories":[7,6,1],"tags":[],"class_list":["post-3235","post","type-post","status-publish","format-standard","has-post-thumbnail","hentry","category-cooperativas","category-institucionales","category-noticias"],"acf":[],"_links":{"self":[{"href":"http:\/\/www.cudecoop.coop\/cudecoop\/wp-json\/wp\/v2\/posts\/3235","targetHints":{"allow":["GET"]}}],"collection":[{"href":"http:\/\/www.cudecoop.coop\/cudecoop\/wp-json\/wp\/v2\/posts"}],"about":[{"href":"http:\/\/www.cudecoop.coop\/cudecoop\/wp-json\/wp\/v2\/types\/post"}],"author":[{"embeddable":true,"href":"http:\/\/www.cudecoop.coop\/cudecoop\/wp-json\/wp\/v2\/users\/27"}],"replies":[{"embeddable":true,"href":"http:\/\/www.cudecoop.coop\/cudecoop\/wp-json\/wp\/v2\/comments?post=3235"}],"version-history":[{"count":1,"href":"http:\/\/www.cudecoop.coop\/cudecoop\/wp-json\/wp\/v2\/posts\/3235\/revisions"}],"predecessor-version":[{"id":3237,"href":"http:\/\/www.cudecoop.coop\/cudecoop\/wp-json\/wp\/v2\/posts\/3235\/revisions\/3237"}],"wp:featuredmedia":[{"embeddable":true,"href":"http:\/\/www.cudecoop.coop\/cudecoop\/wp-json\/wp\/v2\/media\/3236"}],"wp:attachment":[{"href":"http:\/\/www.cudecoop.coop\/cudecoop\/wp-json\/wp\/v2\/media?parent=3235"}],"wp:term":[{"taxonomy":"category","embeddable":true,"href":"http:\/\/www.cudecoop.coop\/cudecoop\/wp-json\/wp\/v2\/categories?post=3235"},{"taxonomy":"post_tag","embeddable":true,"href":"http:\/\/www.cudecoop.coop\/cudecoop\/wp-json\/wp\/v2\/tags?post=3235"}],"curies":[{"name":"wp","href":"https:\/\/api.w.org\/{rel}","templated":true}]}}