{"id":3228,"date":"2020-06-02T13:24:00","date_gmt":"2020-06-02T13:24:00","guid":{"rendered":"http:\/\/www.cudecoop.coop\/cudecoop\/?p=3228"},"modified":"2020-06-02T13:25:26","modified_gmt":"2020-06-02T13:25:26","slug":"hoy-celebramos-32-anos-de-union","status":"publish","type":"post","link":"http:\/\/www.cudecoop.coop\/cudecoop\/hoy-celebramos-32-anos-de-union\/","title":{"rendered":"Hoy celebramos 32 a\u00f1os de uni\u00f3n"},"content":{"rendered":"<p>ANVIERSARIO DE CUDECOOP &#8211; 2 de junio de 1988 \/ 2020<\/p>\n<p>Hoy celebramos un nuevo aniversario de nuestra Confederaci\u00f3n<\/p>\n<p>Lo hacemos en un momento de incertidumbre que atraviesa al pa\u00eds y el mundo, pero convencidos que las mayores dificultades no hacen m\u00e1s que redoblar el compromiso de acci\u00f3n colectiva.<\/p>\n<p>Nuestras cooperativas est\u00e1n haciendo frente a la pandemia y sus consecuencias, y siguiendos nuestros valores y principios, se multiplican las propuestas de solidaridad.<\/p>\n<p>Por eso hoy volvemos a celebrar lo que nos une, la gran diversidad de experiencias cooperativas que hacen nuestra historia y nuestro futuro.<\/p>\n<p>&nbsp;<\/p>\n<p><a href=\"http:\/\/www.cudecoop.coop\/cudecoop\/wp-content\/uploads\/2019\/10\/Cudecoop_Libro-30-an%CC%83os.pdf\">Les compartimos el link a nuestro libro realizado con motivo de nuestro 30 aniversario.<\/a><\/p>\n","protected":false},"excerpt":{"rendered":"<p>ANVIERSARIO DE CUDECOOP &#8211; 2 de junio de 1988 \/ 2020 Hoy celebramos un nuevo aniversario de nuestra Confederaci\u00f3n Lo hacemos en un momento de incertidumbre que atraviesa al pa\u00eds y el mundo, pero convencidos que las mayores dificultades no hacen m\u00e1s que redoblar el compromiso de acci\u00f3n colectiva. Nuestras cooperativas est\u00e1n haciendo frente a la pandemia y sus consecuencias, y siguiendos nuestros valores y principios, se multiplican las propuestas de solidaridad. Por eso hoy volvemos a celebrar lo que nos une, la gran diversidad de experiencias cooperativas que hacen nuestra historia y nuestro futuro. &nbsp; Les compartimos el link [&#8230;]<\/p>\n","protected":false},"author":27,"featured_media":0,"comment_status":"open","ping_status":"open","sticky":false,"template":"","format":"standard","meta":{"_acf_changed":false,"ngg_post_thumbnail":0,"footnotes":""},"categories":[7,6,1],"tags":[],"class_list":["post-3228","post","type-post","status-publish","format-standard","hentry","category-cooperativas","category-institucionales","category-noticias"],"acf":[],"_links":{"self":[{"href":"http:\/\/www.cudecoop.coop\/cudecoop\/wp-json\/wp\/v2\/posts\/3228","targetHints":{"allow":["GET"]}}],"collection":[{"href":"http:\/\/www.cudecoop.coop\/cudecoop\/wp-json\/wp\/v2\/posts"}],"about":[{"href":"http:\/\/www.cudecoop.coop\/cudecoop\/wp-json\/wp\/v2\/types\/post"}],"author":[{"embeddable":true,"href":"http:\/\/www.cudecoop.coop\/cudecoop\/wp-json\/wp\/v2\/users\/27"}],"replies":[{"embeddable":true,"href":"http:\/\/www.cudecoop.coop\/cudecoop\/wp-json\/wp\/v2\/comments?post=3228"}],"version-history":[{"count":3,"href":"http:\/\/www.cudecoop.coop\/cudecoop\/wp-json\/wp\/v2\/posts\/3228\/revisions"}],"predecessor-version":[{"id":3231,"href":"http:\/\/www.cudecoop.coop\/cudecoop\/wp-json\/wp\/v2\/posts\/3228\/revisions\/3231"}],"wp:attachment":[{"href":"http:\/\/www.cudecoop.coop\/cudecoop\/wp-json\/wp\/v2\/media?parent=3228"}],"wp:term":[{"taxonomy":"category","embeddable":true,"href":"http:\/\/www.cudecoop.coop\/cudecoop\/wp-json\/wp\/v2\/categories?post=3228"},{"taxonomy":"post_tag","embeddable":true,"href":"http:\/\/www.cudecoop.coop\/cudecoop\/wp-json\/wp\/v2\/tags?post=3228"}],"curies":[{"name":"wp","href":"https:\/\/api.w.org\/{rel}","templated":true}]}}