{"id":3221,"date":"2020-05-26T18:22:56","date_gmt":"2020-05-26T18:22:56","guid":{"rendered":"http:\/\/www.cudecoop.coop\/cudecoop\/?p=3221"},"modified":"2020-05-26T18:32:38","modified_gmt":"2020-05-26T18:32:38","slug":"cudecoop-sugirio-modificaciones-a-la-ley-de-urgente-consideracion","status":"publish","type":"post","link":"http:\/\/www.cudecoop.coop\/cudecoop\/cudecoop-sugirio-modificaciones-a-la-ley-de-urgente-consideracion\/","title":{"rendered":"CUDECOOP sugiri\u00f3 modificaciones a la Ley de Urgente Consideraci\u00f3n"},"content":{"rendered":"<p>El viernes 22 de mayo el Ejecutivo de CUDECOOP, representado por su<br \/>\nVicepresidenta \u00c1ngeles Dati y Secretaria Alicia Maneiro, junto al asesor legal Gerardo Montes, fueron recibidos por la Comisi\u00f3n especial conformada en la C\u00e1mara de Senadores, para el estudio del Proyecto de ley con declaratorio de urgente consideraci\u00f3n, presidida por Gustavo Penad\u00e9s.<\/p>\n<p>El objetivo de la entrevista fue poner en conocimiento de los legisladores, la trayectoria y situaci\u00f3n del cooperativismo nacional, y plantear algunas preocupaciones respecto a la forma en que han sido planteados algunos puntos del Proyecto de la LUC.<\/p>\n<p>CUDECOOP analiz\u00f3 el alcance de algunos art\u00edculos que afectan directa o<br \/>\nindirectamente a las cooperativas, fuera porque no estaban siendo contempladas o por la integraci\u00f3n de otros elementos que podr\u00edan afectar herramientas como el FONDES-INACOOP.<\/p>\n<p>Este posicionamiento fue desarrollado en consulta con las socias y los consejeros, prioriz\u00e1ndose algunos temas en particular, ya que otros han sido o ser\u00e1n planteados por cada una de las clases cooperativas por su cuenta.<\/p>\n<p><strong>Lo planteado<\/strong><\/p>\n<p>Uno de los puntos que plante\u00f3 CUDECOOP a la Comisi\u00f3n fue sobre el art\u00edculo de compras p\u00fablicas que no integraba de manera expl\u00edcita a las cooperativas. Ante la comisi\u00f3n se resalt\u00f3 que &#8220;es muy importante que la herramienta de las compras p\u00fablicas permita los desarrollos de encadenamiento productivo (&#8230;). Sobre este punto es pertinente que la palabra cooperativa aparezca propiamente, permitiendo acceder al mercado del Estado como forma de encadenar valor, y generar posibilidades de producci\u00f3n.&#8221;Los senadores participantes expresaron que ya hab\u00edan recibido inquietudes en el mismo sentido y que la redacci\u00f3n ser\u00edan modificada positivamente para las cooperativas.<\/p>\n<p>Por otro lado, y a solicitud de algunas socias vistos los ataques de algunas<br \/>\norganizaciones empresariales, se resalt\u00f3 la importancia de que el movimiento, como organizaciones locales, sigan avanzando en la democratizaci\u00f3n de algunos sectores de actividad a partir de las compras p\u00fablicas:&nbsp; &#8220;en el caso de la producci\u00f3n nacional de harina, los Molinos (cooperativos) Florida y Santa Rosa, representan el 10% de lo que es la producci\u00f3n total, cuando estos han sido proveedores del Estado, la incidencia con relaci\u00f3n al total de la producci\u00f3n, no supera el 0,17%. Esto quiero decir que el movimiento cooperativo no genera procesos de concentraci\u00f3n\u2026\u201d subray\u00f3 el asesor<br \/>\nlegal de CUDECOOP.<\/p>\n<p>Otro componente de las compras p\u00fablicas que se mencion\u00f3 en la audiencia, tiene que ver con las contrataciones que realiza el Ministerio de Desarrollo Social, que en el proyecto presentado s\u00f3lo hace menci\u00f3n de Asociaciones y Organizaciones civiles sin fines de lucro: &#8220;si tomamos en cuenta la legislaci\u00f3n moderna de cooperativas con la que cuenta Uruguay, la cual es tomada como referencia en los ordenamientos jur\u00eddicos a nivel internacional, especialmente por Am\u00e9rica, no tiene sentido que el movimiento cooperativo quede inserto en el concepto de <em>organizaci\u00f3n civil sin fines de lucro<\/em>, ya que contamos con<br \/>\nun movimiento con m\u00e1s de 100 a\u00f1os de historia de construcci\u00f3n de las instituciones democr\u00e1ticas del pa\u00eds, es importante que la palabra cooperativa figure a t\u00edtulo expreso&#8221;, destacaron por CUDECOOP.<\/p>\n<p>El \u00faltimo componente presentado desde CUDECOOP tiene que ver con la reforma propuesta para los destinos de los resultados econ\u00f3micos del Banco Rep\u00fablica de los cuales un porcentaje de sus utilidades tendr\u00edan como destino la inversi\u00f3n en obra p\u00fablica. Desde el Movimiento lo que se se\u00f1al\u00f3 es que no pierda forma un instrumento fundamental de apalancamiento de procesos productivos y de desarrollo econ\u00f3mico en esta formaci\u00f3n de cadenas de valor como es el FONDES-INACOOP. Entendemos bien que se diversifiquen los fondos, pero nos preocupa el posible vaciamiento de recursos de esta herramienta que es tan importante para el desarrollo del sistema, en particular<br \/>\ncuando no se le han volcado nuevos recursos, habiendo demostrado, a partir de su nueva inclusi\u00f3n en INACOOP, una completa transformaci\u00f3n de la misma.<br \/>\nTanto autoridades cooperativas como legisladores valoraron positivamente la reuni\u00f3n.<\/p>\n<p>Aprovechando la instancia fueron proporcionadas copias del documento de Propuestas Program\u00e1ticas del movimiento cooperativo, con la intenci\u00f3n de se\u00f1alar que existen otras preocupaciones no previstas en la LUC, para las que el movimiento requerir\u00e1 del trabajo de los parlamentarios, que seguramente ser\u00e1n introducidas al futuro debate, v\u00eda la Comisi\u00f3n de Cooperativismo.<\/p>\n","protected":false},"excerpt":{"rendered":"<p>El viernes 22 de mayo el Ejecutivo de CUDECOOP, representado por su<br \/> Vicepresidenta \u00c1ngeles Dati y Secretaria Alicia Maneiro, junto al asesor legal Gerardo Montes, fueron recibidos por la Comisi\u00f3n especial conformada en la C\u00e1mara de Senadores, para el estudio del Proyecto de ley con declaratorio de urgente consideraci\u00f3n, presidida por Gustavo Penad\u00e9s. El objetivo de la entrevista fue poner en conocimiento de los legisladores, la trayectoria y situaci\u00f3n del cooperativismo nacional, y plantear algunas preocupaciones respecto a la forma en que han sido planteados algunos puntos del Proyecto de la LUC. CUDECOOP analiz\u00f3 el alcance de algunos art\u00edculos [&#8230;]<\/p>\n","protected":false},"author":27,"featured_media":3227,"comment_status":"open","ping_status":"open","sticky":false,"template":"","format":"standard","meta":{"_acf_changed":false,"ngg_post_thumbnail":0,"footnotes":""},"categories":[7,6,1],"tags":[],"class_list":["post-3221","post","type-post","status-publish","format-standard","has-post-thumbnail","hentry","category-cooperativas","category-institucionales","category-noticias"],"acf":[],"_links":{"self":[{"href":"http:\/\/www.cudecoop.coop\/cudecoop\/wp-json\/wp\/v2\/posts\/3221","targetHints":{"allow":["GET"]}}],"collection":[{"href":"http:\/\/www.cudecoop.coop\/cudecoop\/wp-json\/wp\/v2\/posts"}],"about":[{"href":"http:\/\/www.cudecoop.coop\/cudecoop\/wp-json\/wp\/v2\/types\/post"}],"author":[{"embeddable":true,"href":"http:\/\/www.cudecoop.coop\/cudecoop\/wp-json\/wp\/v2\/users\/27"}],"replies":[{"embeddable":true,"href":"http:\/\/www.cudecoop.coop\/cudecoop\/wp-json\/wp\/v2\/comments?post=3221"}],"version-history":[{"count":3,"href":"http:\/\/www.cudecoop.coop\/cudecoop\/wp-json\/wp\/v2\/posts\/3221\/revisions"}],"predecessor-version":[{"id":3225,"href":"http:\/\/www.cudecoop.coop\/cudecoop\/wp-json\/wp\/v2\/posts\/3221\/revisions\/3225"}],"wp:featuredmedia":[{"embeddable":true,"href":"http:\/\/www.cudecoop.coop\/cudecoop\/wp-json\/wp\/v2\/media\/3227"}],"wp:attachment":[{"href":"http:\/\/www.cudecoop.coop\/cudecoop\/wp-json\/wp\/v2\/media?parent=3221"}],"wp:term":[{"taxonomy":"category","embeddable":true,"href":"http:\/\/www.cudecoop.coop\/cudecoop\/wp-json\/wp\/v2\/categories?post=3221"},{"taxonomy":"post_tag","embeddable":true,"href":"http:\/\/www.cudecoop.coop\/cudecoop\/wp-json\/wp\/v2\/tags?post=3221"}],"curies":[{"name":"wp","href":"https:\/\/api.w.org\/{rel}","templated":true}]}}