{"id":3218,"date":"2020-05-20T18:58:16","date_gmt":"2020-05-20T18:58:16","guid":{"rendered":"http:\/\/www.cudecoop.coop\/cudecoop\/?p=3218"},"modified":"2020-05-20T19:00:26","modified_gmt":"2020-05-20T19:00:26","slug":"ronda-de-negocios-montevideo","status":"publish","type":"post","link":"http:\/\/www.cudecoop.coop\/cudecoop\/ronda-de-negocios-montevideo\/","title":{"rendered":"Ronda de negocios Montevideo"},"content":{"rendered":"<p>3er aniversario de ENLACE &#8211; viernes 5 de junio de 2020<\/p>\n<p>En el marco del tercer aniversario de Enlace, el primer cowork p\u00fablico de Uruguay, nos encontramos&nbsp;organizando una celebraci\u00f3n que nos sirva para reflexionar sobre los logros alcanzados, pero -fundamentalmente- para ser un escal\u00f3n m\u00e1s en el desarrollo de una red de apoyo, intercambio y&nbsp;colaboraci\u00f3n horizontal entre quienes construyen nuestro sector. M\u00e1s que mostrar un edificio queremos&nbsp;que la actividad se centre en difundir lo que hacen quienes trabajan d\u00eda a d\u00eda en sus instalaciones.<\/p>\n<p>Con un modelo de ronda de negocios, el pr\u00f3ximo 5 de junio de 10:00 a 13:00 hs. llevaremos adelante una&nbsp;jornada virtual (debido a las restricciones actuales) con la siguiente programaci\u00f3n:<\/p>\n<p>10:00 &#8211; Mesa de apertura: Christian Di Candia \u2013 Intendente de Montevideo- Fabiana Goyeneche &#8211;&nbsp;Directora de Desarrollo Social de la IM &#8211; Graciela Fern\u00e1ndez \u2013 Presidenta de CUDECOOP- y Daniel&nbsp;Arbulo \u2013 Director de la Unidad de Econom\u00eda Social y Solidaria de la IM-.<\/p>\n<p>10:30 &#8211; Ronda de negocios organizada en mesas tem\u00e1ticas simult\u00e1neas (para participar en las mismas es&nbsp;imprescindible completar el siguiente breve formulario: <a href=\"https:\/\/forms.gle\/PRL4jMqv8oCYXAqP7\">AQU\u00cd<\/a><\/p>\n<p>12:30 &#8211; Puesta en com\u00fan de lo trabajado en cada mesa y cierre de la actividad<\/p>\n","protected":false},"excerpt":{"rendered":"<p>3er aniversario de ENLACE &#8211; viernes 5 de junio de 2020 En el marco del tercer aniversario de Enlace, el primer cowork p\u00fablico de Uruguay, nos encontramos&nbsp;organizando una celebraci\u00f3n que nos sirva para reflexionar sobre los logros alcanzados, pero -fundamentalmente- para ser un escal\u00f3n m\u00e1s en el desarrollo de una red de apoyo, intercambio y&nbsp;colaboraci\u00f3n horizontal entre quienes construyen nuestro sector. M\u00e1s que mostrar un edificio queremos&nbsp;que la actividad se centre en difundir lo que hacen quienes trabajan d\u00eda a d\u00eda en sus instalaciones. Con un modelo de ronda de negocios, el pr\u00f3ximo 5 de junio de 10:00 a 13:00 [&#8230;]<\/p>\n","protected":false},"author":27,"featured_media":3219,"comment_status":"open","ping_status":"open","sticky":false,"template":"","format":"standard","meta":{"_acf_changed":false,"ngg_post_thumbnail":0,"footnotes":""},"categories":[7,6,1],"tags":[],"class_list":["post-3218","post","type-post","status-publish","format-standard","has-post-thumbnail","hentry","category-cooperativas","category-institucionales","category-noticias"],"acf":[],"_links":{"self":[{"href":"http:\/\/www.cudecoop.coop\/cudecoop\/wp-json\/wp\/v2\/posts\/3218","targetHints":{"allow":["GET"]}}],"collection":[{"href":"http:\/\/www.cudecoop.coop\/cudecoop\/wp-json\/wp\/v2\/posts"}],"about":[{"href":"http:\/\/www.cudecoop.coop\/cudecoop\/wp-json\/wp\/v2\/types\/post"}],"author":[{"embeddable":true,"href":"http:\/\/www.cudecoop.coop\/cudecoop\/wp-json\/wp\/v2\/users\/27"}],"replies":[{"embeddable":true,"href":"http:\/\/www.cudecoop.coop\/cudecoop\/wp-json\/wp\/v2\/comments?post=3218"}],"version-history":[{"count":1,"href":"http:\/\/www.cudecoop.coop\/cudecoop\/wp-json\/wp\/v2\/posts\/3218\/revisions"}],"predecessor-version":[{"id":3220,"href":"http:\/\/www.cudecoop.coop\/cudecoop\/wp-json\/wp\/v2\/posts\/3218\/revisions\/3220"}],"wp:featuredmedia":[{"embeddable":true,"href":"http:\/\/www.cudecoop.coop\/cudecoop\/wp-json\/wp\/v2\/media\/3219"}],"wp:attachment":[{"href":"http:\/\/www.cudecoop.coop\/cudecoop\/wp-json\/wp\/v2\/media?parent=3218"}],"wp:term":[{"taxonomy":"category","embeddable":true,"href":"http:\/\/www.cudecoop.coop\/cudecoop\/wp-json\/wp\/v2\/categories?post=3218"},{"taxonomy":"post_tag","embeddable":true,"href":"http:\/\/www.cudecoop.coop\/cudecoop\/wp-json\/wp\/v2\/tags?post=3218"}],"curies":[{"name":"wp","href":"https:\/\/api.w.org\/{rel}","templated":true}]}}