{"id":3214,"date":"2020-05-18T15:02:59","date_gmt":"2020-05-18T15:02:59","guid":{"rendered":"http:\/\/www.cudecoop.coop\/cudecoop\/?p=3214"},"modified":"2020-05-18T15:02:59","modified_gmt":"2020-05-18T15:02:59","slug":"reunion-con-presidentes-de-las-socias-de-cudecoop","status":"publish","type":"post","link":"http:\/\/www.cudecoop.coop\/cudecoop\/reunion-con-presidentes-de-las-socias-de-cudecoop\/","title":{"rendered":"Reuni\u00f3n con presidentes de las socias de CUDECOOP"},"content":{"rendered":"<p>El jueves 14 de mayo se llev\u00f3 a cabo de forma virtual, una reuni\u00f3n entre el Comit\u00e9 Ejecutivo de la Confederaci\u00f3n encabezado por su Presidenta, Graciela Fern\u00e1ndez, y presidentes de las Federaciones socias. Participaron tambi\u00e9n delegados de pol\u00edticas p\u00fablicas, Washington Collazo por INACOOP y Alicia Maneiro por INEFOP.<\/p>\n<p>En la introducci\u00f3n del encuentro, Graciela Fern\u00e1ndez brind\u00f3 un informe sobre la coyuntura entorno a la pandemia, y c\u00f3mo esto a&nbsp; afectado en el relacionamiento internacional, haci\u00e9ndose imposibles las sesiones de los Consejos previstos a realizarse durante esta temporada y las postergaci\u00f3n del Congreso Cooperativo Mundial, en el cual se aprueba el plan para la D\u00e9cada cooperativa, designio que da marco a las acciones cooperativas del 2020 a 2030. El mismo se prev\u00e9 realizar en Se\u00fal en mayo pr\u00f3ximo, pero genera incertidumbre ya que m\u00e1s all\u00e1 de que sea una actividad promocionada desde el propio gobierno de Se\u00fal, pero el incierto de la econom\u00eda de las cooperativas es lo fundamental para la realizaci\u00f3n del mismo, por lo que se eval\u00faa postergar unos meses m\u00e1s, lo que se definir\u00e1 en el pr\u00f3ximo Consejo internacional este 25 y 26 de mayo.&nbsp;<\/p>\n<p>El d\u00eda del cooperativismo este a\u00f1o ser\u00e1&nbsp;LAS COOPERATIVAS Y LA ACCI\u00d3N POR EL CLIMA, con el trasfondo de la pandemia que atraviesa la coyuntura. Se cre\u00f3 adem\u00e1s un foro mundial de intercambio de las cooperativas ante la crisis, tema que se profundizar\u00e1 en el Consejo para el cual se le pidi\u00f3 a las organizaciones de ahorro y cr\u00e9dito de Am\u00e9rica, un relevamiento con fondos financieros y situaci\u00f3n de toda Am\u00e9rica de las cooperativas.<\/p>\n<p>El Comit\u00e9 Ejecutivo de Am\u00e9rica viene sesionando de forma virtual, realizando actividades para conocer la situaci\u00f3n de las cooperativas en el Continente.&nbsp;<\/p>\n<p>Las acciones de CUDECOOP en la coyuntura y las respuestas ante la emergencia a nivel nacional han sido variadas y fuertes, todo el movimiento cooperativo dio respuesta de cooperaci\u00f3n de relevancia, el cooperativismo ha demostrado un fuerte compromiso con la comunidad, ha cumplido con el principio de &#8220;Compromiso con la comunidad&#8221;.<\/p>\n<p>Tambi\u00e9n inform\u00f3 que se est\u00e1 en contacto con la Auditoria Interna de la Naci\u00f3n, de solicitud de entrevista con el nuevo Auditor para dar respuesta a la situaci\u00f3n de tener que realizar las asambleas en las cooperativas en este contexto de no poder realizar aglomeraci\u00f3n de personas. Sobre este punto se informar\u00e1 cuando se cuente con una respuesta.<\/p>\n<p>Los aportes de cada socia se pueden ver en el siguiente link.<\/p>\n<p>&nbsp;<\/p>\n<p>&nbsp;<\/p>\n","protected":false},"excerpt":{"rendered":"<p>El jueves 14 de mayo se llev\u00f3 a cabo de forma virtual, una reuni\u00f3n entre el Comit\u00e9 Ejecutivo de la Confederaci\u00f3n encabezado por su Presidenta, Graciela Fern\u00e1ndez, y presidentes de las Federaciones socias. Participaron tambi\u00e9n delegados de pol\u00edticas p\u00fablicas, Washington Collazo por INACOOP y Alicia Maneiro por INEFOP. En la introducci\u00f3n del encuentro, Graciela Fern\u00e1ndez brind\u00f3 un informe sobre la coyuntura entorno a la pandemia, y c\u00f3mo esto a&nbsp; afectado en el relacionamiento internacional, haci\u00e9ndose imposibles las sesiones de los Consejos previstos a realizarse durante esta temporada y las postergaci\u00f3n del Congreso Cooperativo Mundial, en el cual se aprueba el [&#8230;]<\/p>\n","protected":false},"author":27,"featured_media":3215,"comment_status":"open","ping_status":"open","sticky":false,"template":"","format":"standard","meta":{"_acf_changed":false,"ngg_post_thumbnail":0,"footnotes":""},"categories":[7,6,1],"tags":[],"class_list":["post-3214","post","type-post","status-publish","format-standard","has-post-thumbnail","hentry","category-cooperativas","category-institucionales","category-noticias"],"acf":[],"_links":{"self":[{"href":"http:\/\/www.cudecoop.coop\/cudecoop\/wp-json\/wp\/v2\/posts\/3214","targetHints":{"allow":["GET"]}}],"collection":[{"href":"http:\/\/www.cudecoop.coop\/cudecoop\/wp-json\/wp\/v2\/posts"}],"about":[{"href":"http:\/\/www.cudecoop.coop\/cudecoop\/wp-json\/wp\/v2\/types\/post"}],"author":[{"embeddable":true,"href":"http:\/\/www.cudecoop.coop\/cudecoop\/wp-json\/wp\/v2\/users\/27"}],"replies":[{"embeddable":true,"href":"http:\/\/www.cudecoop.coop\/cudecoop\/wp-json\/wp\/v2\/comments?post=3214"}],"version-history":[{"count":1,"href":"http:\/\/www.cudecoop.coop\/cudecoop\/wp-json\/wp\/v2\/posts\/3214\/revisions"}],"predecessor-version":[{"id":3216,"href":"http:\/\/www.cudecoop.coop\/cudecoop\/wp-json\/wp\/v2\/posts\/3214\/revisions\/3216"}],"wp:featuredmedia":[{"embeddable":true,"href":"http:\/\/www.cudecoop.coop\/cudecoop\/wp-json\/wp\/v2\/media\/3215"}],"wp:attachment":[{"href":"http:\/\/www.cudecoop.coop\/cudecoop\/wp-json\/wp\/v2\/media?parent=3214"}],"wp:term":[{"taxonomy":"category","embeddable":true,"href":"http:\/\/www.cudecoop.coop\/cudecoop\/wp-json\/wp\/v2\/categories?post=3214"},{"taxonomy":"post_tag","embeddable":true,"href":"http:\/\/www.cudecoop.coop\/cudecoop\/wp-json\/wp\/v2\/tags?post=3214"}],"curies":[{"name":"wp","href":"https:\/\/api.w.org\/{rel}","templated":true}]}}