{"id":3202,"date":"2020-05-06T18:42:33","date_gmt":"2020-05-06T18:42:33","guid":{"rendered":"http:\/\/www.cudecoop.coop\/cudecoop\/?p=3202"},"modified":"2020-05-06T20:52:40","modified_gmt":"2020-05-06T20:52:40","slug":"la-solucion-solo-puede-ser-cooperativa","status":"publish","type":"post","link":"http:\/\/www.cudecoop.coop\/cudecoop\/la-solucion-solo-puede-ser-cooperativa\/","title":{"rendered":"\u201cLa soluci\u00f3n s\u00f3lo puede ser cooperativa\u201d"},"content":{"rendered":"<p>Cooperativas de las Am\u00e9ricas, regional de la Alianza Cooperativa Internacional, organiz\u00f3 un conversatorio con 100 l\u00edderes de todo el continente para dar cuenta de las respuestas que el movimiento est\u00e1 dando ante la pandemia Covid-19.<\/p>\n<p>La actividad, desarrollada el mi\u00e9rcoles 28 de abril a trav\u00e9s una plataforma digital, &nbsp;cont\u00f3 con las presentaciones del presidente de la ACI, Ariel Guarco, y de Cooperativas de las Am\u00e9ricas, Graciela Fern\u00e1ndez. La moderaci\u00f3n estuvo a cargo del director regional, Danilo Salerno.<\/p>\n<p>\u201cHay que salir del modelo de la competencia y el individualismo, que nos llev\u00f3 la concentraci\u00f3n, la desigualdad, la fragilidad sanitaria, la crisis ambiental, para ir hacia los modelos de la cooperaci\u00f3n, como paradigma de organizaci\u00f3n econ\u00f3mica\u201d, sostuvo Guarco.<\/p>\n<p>El presidente de la ACI se\u00f1al\u00f3 que \u201cla cooperaci\u00f3n, que hoy todos valoran, no sirve s\u00f3lo para el momento de la emergencia. La cooperaci\u00f3n es el camino para construir una econom\u00eda m\u00e1s justa, m\u00e1s equilibrada y, fundamentalmente, menos fr\u00e1gil frente a desaf\u00edos globales como la pandemia o el cambio clim\u00e1tico\u201d.<\/p>\n<p>Guarco propuso apostar al modelo cooperativo, cuyo principio ordenador \u201cno es el lucro sino la ayuda mutua\u201d y cuya eficiencia \u201cno es producto de la ambici\u00f3n ego\u00edsta si no resultado del control democr\u00e1tico de los asociados trabajadores, consumidores o productores\u201d.<\/p>\n<p>\u201cLa pandemia es el momento del paradigma cooperativo. A nadie se le ocurrir\u00eda que la mejor forma para resolver el tema es competir con el vecino. Hasta los nacionalismos m\u00e1s extremos han comprendido que de nada sirve la competencia. La soluci\u00f3n s\u00f3lo puede ser cooperativa\u201d, concluy\u00f3 el l\u00edder cooperativo.<\/p>\n<p>Fern\u00e1ndez apunt\u00f3 que \u201cla pandemia devel\u00f3 la m\u00e1xima expresi\u00f3n de la desigualdad en Am\u00e9rica Latina\u201d y consider\u00f3 que \u201cel sector cooperativo tiene una enorme responsabilidad para trabajar por la reconstrucci\u00f3n de nuestros territorios, los valores de la vida, la esperanza y la ayuda mutua\u201d.<\/p>\n<p>\u201cEl mundo que tendr\u00e1 cabida despu\u00e9s de la Pandemia requiere un compromiso de las pol\u00edticas p\u00fablicas y all\u00ed debemos estar presentes y as\u00ed una vez m\u00e1s mostrar nuestra identidad cooperativa y las herramientas que tenemos a la orden de los gobiernos\u201d, subray\u00f3 la presidenta de Cooperativas de las Am\u00e9ricas.<\/p>\n<blockquote class=\"wp-block-quote\"><p>\u00abSomos la \u00fanica red global de empresas con capacidad y vocaci\u00f3n para participar de un debate de escala mundial sobre los caminos que necesariamente debemos recorrer para construir un sistema de cooperaci\u00f3n internacional a la altura de los desaf\u00edos que humanidad estamos presentando.\u00bb<\/p><\/blockquote>\n<p>VER VIDEO AQU\u00cd<\/p>\n<p><iframe loading=\"lazy\" title=\"Respuestas del cooperativismo global y regional al COVID-19 - CONVERSATORIO\" width=\"525\" height=\"295\" src=\"https:\/\/www.youtube.com\/embed\/GFYt3VKRehM?feature=oembed\" frameborder=\"0\" allow=\"accelerometer; autoplay; clipboard-write; encrypted-media; gyroscope; picture-in-picture; web-share\" referrerpolicy=\"strict-origin-when-cross-origin\" allowfullscreen><\/iframe><\/p>\n<p>&nbsp;<\/p>\n<p>FUENTE: La Gaceta de COOPERAR<\/p>\n","protected":false},"excerpt":{"rendered":"<p>Cooperativas de las Am\u00e9ricas, regional de la Alianza Cooperativa Internacional, organiz\u00f3 un conversatorio con 100 l\u00edderes de todo el continente para dar cuenta de las respuestas que el movimiento est\u00e1 dando ante la pandemia Covid-19. La actividad, desarrollada el mi\u00e9rcoles 28 de abril a trav\u00e9s una plataforma digital, &nbsp;cont\u00f3 con las presentaciones del presidente de la ACI, Ariel Guarco, y de Cooperativas de las Am\u00e9ricas, Graciela Fern\u00e1ndez. La moderaci\u00f3n estuvo a cargo del director regional, Danilo Salerno. \u201cHay que salir del modelo de la competencia y el individualismo, que nos llev\u00f3 la concentraci\u00f3n, la desigualdad, la fragilidad sanitaria, la crisis [&#8230;]<\/p>\n","protected":false},"author":27,"featured_media":3203,"comment_status":"open","ping_status":"open","sticky":false,"template":"","format":"standard","meta":{"_acf_changed":false,"ngg_post_thumbnail":0,"footnotes":""},"categories":[7,6,1],"tags":[],"class_list":["post-3202","post","type-post","status-publish","format-standard","has-post-thumbnail","hentry","category-cooperativas","category-institucionales","category-noticias"],"acf":[],"_links":{"self":[{"href":"http:\/\/www.cudecoop.coop\/cudecoop\/wp-json\/wp\/v2\/posts\/3202","targetHints":{"allow":["GET"]}}],"collection":[{"href":"http:\/\/www.cudecoop.coop\/cudecoop\/wp-json\/wp\/v2\/posts"}],"about":[{"href":"http:\/\/www.cudecoop.coop\/cudecoop\/wp-json\/wp\/v2\/types\/post"}],"author":[{"embeddable":true,"href":"http:\/\/www.cudecoop.coop\/cudecoop\/wp-json\/wp\/v2\/users\/27"}],"replies":[{"embeddable":true,"href":"http:\/\/www.cudecoop.coop\/cudecoop\/wp-json\/wp\/v2\/comments?post=3202"}],"version-history":[{"count":3,"href":"http:\/\/www.cudecoop.coop\/cudecoop\/wp-json\/wp\/v2\/posts\/3202\/revisions"}],"predecessor-version":[{"id":3208,"href":"http:\/\/www.cudecoop.coop\/cudecoop\/wp-json\/wp\/v2\/posts\/3202\/revisions\/3208"}],"wp:featuredmedia":[{"embeddable":true,"href":"http:\/\/www.cudecoop.coop\/cudecoop\/wp-json\/wp\/v2\/media\/3203"}],"wp:attachment":[{"href":"http:\/\/www.cudecoop.coop\/cudecoop\/wp-json\/wp\/v2\/media?parent=3202"}],"wp:term":[{"taxonomy":"category","embeddable":true,"href":"http:\/\/www.cudecoop.coop\/cudecoop\/wp-json\/wp\/v2\/categories?post=3202"},{"taxonomy":"post_tag","embeddable":true,"href":"http:\/\/www.cudecoop.coop\/cudecoop\/wp-json\/wp\/v2\/tags?post=3202"}],"curies":[{"name":"wp","href":"https:\/\/api.w.org\/{rel}","templated":true}]}}