{"id":3199,"date":"2020-05-04T13:44:52","date_gmt":"2020-05-04T13:44:52","guid":{"rendered":"http:\/\/www.cudecoop.coop\/cudecoop\/?p=3199"},"modified":"2020-05-04T13:44:52","modified_gmt":"2020-05-04T13:44:52","slug":"este-1o-de-mayo-recordemos-construir-economia-desde-la-sabiduria-y-fuerza-de-la-gente1","status":"publish","type":"post","link":"http:\/\/www.cudecoop.coop\/cudecoop\/este-1o-de-mayo-recordemos-construir-economia-desde-la-sabiduria-y-fuerza-de-la-gente1\/","title":{"rendered":"ESTE 1\u00ba DE MAYO RECORDEMOS &#8220;CONSTRUIR ECONOM\u00cdA DESDE LA SABIDUR\u00cdA Y FUERZA DE LA GENTE&#8221;1"},"content":{"rendered":"<p>La llegada de la pandemia nos ha llevado a una enorme detenci\u00f3n de actividades, cuyo impacto a\u00fan no podemos medir. El cooperativismo ha sabido demostrar solidaridad y compromiso con la comunidad, gracias a su relaci\u00f3n con el trabajo decente, sus principios y valores.<br \/>\n&nbsp;<\/p>\n<p>Tal como dice la Declaraci\u00f3n del centenario de la OIT, debemos orientar los esfuerzos a promover la adquisici\u00f3n de competencias, habilidades y calificaciones para todos los trabajadores a lo largo de la vida laboral como responsabilidad compartida entre los gobiernos y los interlocutores sociales a fin de subsanar los d\u00e9ficits de competencias existentes y previstos, sobre todo en lo que nos hemos visto desafiados frente a la brecha tecnol\u00f3gica.<br \/>\n&nbsp;<\/p>\n<p>Les enviamos un saludo a las y los trabajadores en este 1ro de mayo, sabiendo la complejidad de lo que est\u00e1n atravesando, y la dificil situaci\u00f3n de no poder compartir este acto de forma presencial.<\/p>\n<p style=\"font-weight: 400;\">&nbsp;<\/p>\n<ol>\n<li style=\"font-weight: 400;\"><strong> Expresi\u00f3n citada por Graciela Fern\u00e1ndez del discurso del Presidente de la Alianza Cooperativa Internacional, Ariel Guarco.<\/strong><\/li>\n<\/ol>\n","protected":false},"excerpt":{"rendered":"<p>La llegada de la pandemia nos ha llevado a una enorme detenci\u00f3n de actividades, cuyo impacto a\u00fan no podemos medir. El cooperativismo ha sabido demostrar solidaridad y compromiso con la comunidad, gracias a su relaci\u00f3n con el trabajo decente, sus principios y valores.<br \/> &nbsp; Tal como dice la Declaraci\u00f3n del centenario de la OIT, debemos orientar los esfuerzos a promover la adquisici\u00f3n de competencias, habilidades y calificaciones para todos los trabajadores a lo largo de la vida laboral como responsabilidad compartida entre los gobiernos y los interlocutores sociales a fin de subsanar los d\u00e9ficits de competencias existentes y previstos, [&#8230;]<\/p>\n","protected":false},"author":27,"featured_media":0,"comment_status":"open","ping_status":"open","sticky":false,"template":"","format":"standard","meta":{"_acf_changed":false,"ngg_post_thumbnail":0,"footnotes":""},"categories":[7,6,1],"tags":[],"class_list":["post-3199","post","type-post","status-publish","format-standard","hentry","category-cooperativas","category-institucionales","category-noticias"],"acf":[],"_links":{"self":[{"href":"http:\/\/www.cudecoop.coop\/cudecoop\/wp-json\/wp\/v2\/posts\/3199","targetHints":{"allow":["GET"]}}],"collection":[{"href":"http:\/\/www.cudecoop.coop\/cudecoop\/wp-json\/wp\/v2\/posts"}],"about":[{"href":"http:\/\/www.cudecoop.coop\/cudecoop\/wp-json\/wp\/v2\/types\/post"}],"author":[{"embeddable":true,"href":"http:\/\/www.cudecoop.coop\/cudecoop\/wp-json\/wp\/v2\/users\/27"}],"replies":[{"embeddable":true,"href":"http:\/\/www.cudecoop.coop\/cudecoop\/wp-json\/wp\/v2\/comments?post=3199"}],"version-history":[{"count":1,"href":"http:\/\/www.cudecoop.coop\/cudecoop\/wp-json\/wp\/v2\/posts\/3199\/revisions"}],"predecessor-version":[{"id":3200,"href":"http:\/\/www.cudecoop.coop\/cudecoop\/wp-json\/wp\/v2\/posts\/3199\/revisions\/3200"}],"wp:attachment":[{"href":"http:\/\/www.cudecoop.coop\/cudecoop\/wp-json\/wp\/v2\/media?parent=3199"}],"wp:term":[{"taxonomy":"category","embeddable":true,"href":"http:\/\/www.cudecoop.coop\/cudecoop\/wp-json\/wp\/v2\/categories?post=3199"},{"taxonomy":"post_tag","embeddable":true,"href":"http:\/\/www.cudecoop.coop\/cudecoop\/wp-json\/wp\/v2\/tags?post=3199"}],"curies":[{"name":"wp","href":"https:\/\/api.w.org\/{rel}","templated":true}]}}