{"id":3185,"date":"2020-04-14T14:22:55","date_gmt":"2020-04-14T14:22:55","guid":{"rendered":"http:\/\/www.cudecoop.coop\/cudecoop\/?p=3185"},"modified":"2020-04-14T14:22:55","modified_gmt":"2020-04-14T14:22:55","slug":"declaracion-de-la-red-de-vivienda-y-habitat-de-cooperativas-de-las-americas-ante-la-pandemia","status":"publish","type":"post","link":"http:\/\/www.cudecoop.coop\/cudecoop\/declaracion-de-la-red-de-vivienda-y-habitat-de-cooperativas-de-las-americas-ante-la-pandemia\/","title":{"rendered":"Declaraci\u00f3n de la Red de Vivienda y H\u00e1bitat de Cooperativas de las Am\u00e9ricas ante la pandemia"},"content":{"rendered":"<p>La Red de Vivienda y H\u00e1bitat de Cooperativas de las Am\u00e9ricas, regi\u00f3n de la&nbsp; Alianza Cooperativa Internacional expresa su preocupaci\u00f3n por la repercusi\u00f3n que est\u00e1 teniendo la actual pandemia originada por el coronavirus COVID-19 en la situaci\u00f3n de los pueblos del mundo, y en particular de los de nuestra regi\u00f3n, y a su vez, por las consecuencias que originan para el combate a dicho flagelo las deficientes condiciones de habitaci\u00f3n de muchas de nuestras familias.<br \/>\nEn ese sentido, queremos recalcar la importancia que tiene para el desarrollo de la vida, y en particular de salud de la poblaci\u00f3n, el acceso de todas las&nbsp; familias a una vivienda adecuada, y la dificultad que significa, acatar las medidas de combate a la pandemia, la precariedad habitacional.<br \/>\nPor ello exhortamos a los gobiernos de la regi\u00f3n a poner en marcha planes que mejoren las condiciones de vivienda de la poblaci\u00f3n, para lo cual el cooperativismo ha demostrado acabadamente que es un poderoso instrumento, y al mismo tiempo se incluyan en las medidas de<br \/>\ncontingencia que se est\u00e1n adoptando aquellas destinadas a esa mejora.<\/p>\n<p><span style=\"color: #ff6600;\"><strong>En particular, creemos de suma importancia:<\/strong><\/span><\/p>\n<p>-suspender todas las acciones de desalojos y lanzamientos de viviendas en curso, por el per\u00edodo que dure la situaci\u00f3n actual y el necesario para su superaci\u00f3n, dado que es imposible pensar en planes centrados en la aislaci\u00f3n f\u00edsico de las familias y la permanencia en sus casas, y al mismo tiempo estar promoviendo el lanzamiento de las mismas de sus moradas;<\/p>\n<p>-poner en marcha todas las medidas posibles para facilitar a las familias el pago de sus prestaciones de vivienda (arrendamientos, pago de cuotas hipotecarias, etc.), aplicando subsidios, plazos de gracia, diferimiento del cumplimiento de obligaciones y reduciendo las tasas de inter\u00e9s de los cr\u00e9ditos p\u00fablicos a los niveles requeridos para cubrir exclusivamente los costos operativos;<\/p>\n<p>-destinar los recursos necesarios para la realizaci\u00f3n de planes masivos de mantenimiento, mejoramiento y construcci\u00f3n de viviendas, que alcancen a toda la poblaci\u00f3n, de modo que emergencias como la actual la encuentren en mejores condiciones para enfrentarla.<\/p>\n<p>Las cooperativas, mutuales, federaciones y otras organizaciones que integran nuestra Red ya se han puesto a disposici\u00f3n, en sus respectivos pa\u00edses, para colaborar en lo que sea necesario en la lucha contra la pandemia. As\u00ed, se han brindado locales para atenci\u00f3n sanitaria, medios de transporte, insumos y personal para ollas populares, etc., y est\u00e1n abiertas a contribuir de todas las<br \/>\nmaneras que les sea posible.<br \/>\nNuestra Red se pone asimismo a disposici\u00f3n de todos los actores para aportar su experiencia, que es el acumulado de lo vivido, realizado y pensado por las organizaciones que la integran, as\u00ed como el trabajo de sus miembros para colaborar en la soluci\u00f3n de los problemas se\u00f1alados.<\/p>\n<p>Red de Vivienda y H\u00e1bitat ACI Am\u00e9ricas<br \/>\nAbril de 2020<\/p>\n","protected":false},"excerpt":{"rendered":"<p>La Red de Vivienda y H\u00e1bitat de Cooperativas de las Am\u00e9ricas, regi\u00f3n de la&nbsp; Alianza Cooperativa Internacional expresa su preocupaci\u00f3n por la repercusi\u00f3n que est\u00e1 teniendo la actual pandemia originada por el coronavirus COVID-19 en la situaci\u00f3n de los pueblos del mundo, y en particular de los de nuestra regi\u00f3n, y a su vez, por las consecuencias que originan para el combate a dicho flagelo las deficientes condiciones de habitaci\u00f3n de muchas de nuestras familias.<br \/> En ese sentido, queremos recalcar la importancia que tiene para el desarrollo de la vida, y en particular de salud de la poblaci\u00f3n, el [&#8230;]<\/p>\n","protected":false},"author":27,"featured_media":3186,"comment_status":"open","ping_status":"open","sticky":false,"template":"","format":"standard","meta":{"_acf_changed":false,"ngg_post_thumbnail":0,"footnotes":""},"categories":[7,6,1],"tags":[],"class_list":["post-3185","post","type-post","status-publish","format-standard","has-post-thumbnail","hentry","category-cooperativas","category-institucionales","category-noticias"],"acf":[],"_links":{"self":[{"href":"http:\/\/www.cudecoop.coop\/cudecoop\/wp-json\/wp\/v2\/posts\/3185","targetHints":{"allow":["GET"]}}],"collection":[{"href":"http:\/\/www.cudecoop.coop\/cudecoop\/wp-json\/wp\/v2\/posts"}],"about":[{"href":"http:\/\/www.cudecoop.coop\/cudecoop\/wp-json\/wp\/v2\/types\/post"}],"author":[{"embeddable":true,"href":"http:\/\/www.cudecoop.coop\/cudecoop\/wp-json\/wp\/v2\/users\/27"}],"replies":[{"embeddable":true,"href":"http:\/\/www.cudecoop.coop\/cudecoop\/wp-json\/wp\/v2\/comments?post=3185"}],"version-history":[{"count":1,"href":"http:\/\/www.cudecoop.coop\/cudecoop\/wp-json\/wp\/v2\/posts\/3185\/revisions"}],"predecessor-version":[{"id":3187,"href":"http:\/\/www.cudecoop.coop\/cudecoop\/wp-json\/wp\/v2\/posts\/3185\/revisions\/3187"}],"wp:featuredmedia":[{"embeddable":true,"href":"http:\/\/www.cudecoop.coop\/cudecoop\/wp-json\/wp\/v2\/media\/3186"}],"wp:attachment":[{"href":"http:\/\/www.cudecoop.coop\/cudecoop\/wp-json\/wp\/v2\/media?parent=3185"}],"wp:term":[{"taxonomy":"category","embeddable":true,"href":"http:\/\/www.cudecoop.coop\/cudecoop\/wp-json\/wp\/v2\/categories?post=3185"},{"taxonomy":"post_tag","embeddable":true,"href":"http:\/\/www.cudecoop.coop\/cudecoop\/wp-json\/wp\/v2\/tags?post=3185"}],"curies":[{"name":"wp","href":"https:\/\/api.w.org\/{rel}","templated":true}]}}