{"id":3181,"date":"2020-04-13T14:05:59","date_gmt":"2020-04-13T14:05:59","guid":{"rendered":"http:\/\/www.cudecoop.coop\/cudecoop\/?p=3181"},"modified":"2020-04-13T14:05:59","modified_gmt":"2020-04-13T14:05:59","slug":"nuevos-horarios-de-la-sede-de-cudecoop","status":"publish","type":"post","link":"http:\/\/www.cudecoop.coop\/cudecoop\/nuevos-horarios-de-la-sede-de-cudecoop\/","title":{"rendered":"Nuevos horarios de la sede de CUDECOOP"},"content":{"rendered":"<p>A partir del lunes 13 de abril oficinas de la Confederaci\u00f3n abrir\u00e1n una guardia m\u00ednima del \u00c1rea de administraci\u00f3n y de Secretar\u00eda para aquellas gestiones presenciales que sean imprescindibles, se contar\u00e1 con la atenci\u00f3n los&nbsp; d\u00edas lunes, mi\u00e9rcoles y viernes de 9 a 16h.<\/p>\n<p>Siguiendo las recomendaciones de presidencia y Ministerio de Salud P\u00fablica , continuamos trabajando a distancia con los medios electr\u00f3nicos de siempre.<\/p>\n<p>&nbsp;<\/p>\n","protected":false},"excerpt":{"rendered":"<p>A partir del lunes 13 de abril oficinas de la Confederaci\u00f3n abrir\u00e1n una guardia m\u00ednima del \u00c1rea de administraci\u00f3n y de Secretar\u00eda para aquellas gestiones presenciales que sean imprescindibles, se contar\u00e1 con la atenci\u00f3n los&nbsp; d\u00edas lunes, mi\u00e9rcoles y viernes de 9 a 16h. Siguiendo las recomendaciones de presidencia y Ministerio de Salud P\u00fablica , continuamos trabajando a distancia con los medios electr\u00f3nicos de siempre. [&#8230;]<\/p>\n","protected":false},"author":27,"featured_media":0,"comment_status":"open","ping_status":"open","sticky":false,"template":"","format":"standard","meta":{"_acf_changed":false,"ngg_post_thumbnail":0,"footnotes":""},"categories":[7,6,1],"tags":[],"class_list":["post-3181","post","type-post","status-publish","format-standard","hentry","category-cooperativas","category-institucionales","category-noticias"],"acf":[],"_links":{"self":[{"href":"http:\/\/www.cudecoop.coop\/cudecoop\/wp-json\/wp\/v2\/posts\/3181","targetHints":{"allow":["GET"]}}],"collection":[{"href":"http:\/\/www.cudecoop.coop\/cudecoop\/wp-json\/wp\/v2\/posts"}],"about":[{"href":"http:\/\/www.cudecoop.coop\/cudecoop\/wp-json\/wp\/v2\/types\/post"}],"author":[{"embeddable":true,"href":"http:\/\/www.cudecoop.coop\/cudecoop\/wp-json\/wp\/v2\/users\/27"}],"replies":[{"embeddable":true,"href":"http:\/\/www.cudecoop.coop\/cudecoop\/wp-json\/wp\/v2\/comments?post=3181"}],"version-history":[{"count":1,"href":"http:\/\/www.cudecoop.coop\/cudecoop\/wp-json\/wp\/v2\/posts\/3181\/revisions"}],"predecessor-version":[{"id":3182,"href":"http:\/\/www.cudecoop.coop\/cudecoop\/wp-json\/wp\/v2\/posts\/3181\/revisions\/3182"}],"wp:attachment":[{"href":"http:\/\/www.cudecoop.coop\/cudecoop\/wp-json\/wp\/v2\/media?parent=3181"}],"wp:term":[{"taxonomy":"category","embeddable":true,"href":"http:\/\/www.cudecoop.coop\/cudecoop\/wp-json\/wp\/v2\/categories?post=3181"},{"taxonomy":"post_tag","embeddable":true,"href":"http:\/\/www.cudecoop.coop\/cudecoop\/wp-json\/wp\/v2\/tags?post=3181"}],"curies":[{"name":"wp","href":"https:\/\/api.w.org\/{rel}","templated":true}]}}