{"id":3168,"date":"2020-03-27T14:54:19","date_gmt":"2020-03-27T14:54:19","guid":{"rendered":"http:\/\/www.cudecoop.coop\/cudecoop\/?p=3168"},"modified":"2020-03-27T14:54:19","modified_gmt":"2020-03-27T14:54:19","slug":"a-vos-cooperativista","status":"publish","type":"post","link":"http:\/\/www.cudecoop.coop\/cudecoop\/a-vos-cooperativista\/","title":{"rendered":"\u00a1A vos cooperativista!"},"content":{"rendered":"<p><strong>CUDECOOP te invita a participar de la campa\u00f1a que propone visibilizar las acciones y experiencias cooperativas en el marco de la pandemia Covid-19 <\/strong><\/p>\n<p>#Cooperamos porque es lo que sabemos hacer<\/p>\n<p><strong>&nbsp;<\/strong><\/p>\n<p><strong>\u00bfQu\u00e9 buscamos?<\/strong><\/p>\n<p>Queremos mostrar al mundo cu\u00e1les son las preocupaciones y las acciones que las cooperativas realizan en el territorio para colaborar solidariamente con la poblaci\u00f3n nacional a causa de la pandemia.<\/p>\n<p>&nbsp;<\/p>\n<p><strong>\u00bfQui\u00e9nes pueden participar?<\/strong><\/p>\n<p>Cooperativas y cooperativistas a quienes la situaci\u00f3n actual les toque de primera mano y quieran amplificar su mensaje.<\/p>\n<p>&nbsp;<\/p>\n<p><strong>\u00bfC\u00f3mo participar?<\/strong><\/p>\n<p>Es muy sencillo para que cualquier persona con un celular y conexi\u00f3n a internet lo pueda realizar. Te pedimos que realices un video selfie con el celular, de un minuto de duraci\u00f3n con las caracter\u00edsticas que explicamos m\u00e1s abajo.<\/p>\n<p>&nbsp;<\/p>\n<p><strong>\u00bfC\u00f3mo lo difundiremos?<\/strong><\/p>\n<p>Los materiales ser\u00e1n distribuidos por todas las v\u00edas de difusi\u00f3n institucionales de CUDECOOP, y de las organizaciones socias que se comprometan y deseen ser parte.<\/p>\n<p>&nbsp;<\/p>\n<p><strong>Plazos para participar<\/strong><\/p>\n<p>Como estamos ante una situaci\u00f3n que va cambiando momento a momento, entendemos que esta es una din\u00e1mica que se va a extender por las pr\u00f3ximas semanas. As\u00ed que iremos editando y compartiendo los videos a medida que los vayamos recepcionando.<\/p>\n<p>&nbsp;<\/p>\n<p><strong>Ahora \u00a1a participar!<\/strong><\/p>\n<p><u>Aspectos sobre el contenido del video: <\/u><\/p>\n<ul>\n<li>Utilizar la s\u00edntesis, y decir todo en 30 segundos.<\/li>\n<li>Qui\u00e9n soy, de qu\u00e9 cooperativa, de cu\u00e1l lugar.<\/li>\n<li>C\u00f3mo nos afecta la llegada del COVID-19 y cu\u00e1les son las acciones que estamos tomando para dar respuesta.<\/li>\n<\/ul>\n<p><u>Aspectos t\u00e9cnicos del video: <\/u><\/p>\n<ul>\n<li>Filmarse con el celular en posici\u00f3n vertical (en modo selfie si lo hace la persona sola)<\/li>\n<li>Buscar un lugar iluminado, sobre todo que haya luz en la cara de quien habla<\/li>\n<li>Filmarlo desde la aplicaci\u00f3n de la c\u00e1mara y no desde whatsapp<\/li>\n<li>Si cuenta con auriculares con micr\u00f3fono, utilizarlos ya que optimizar\u00e1 la escucha del video<\/li>\n<li>El video enviarlo por el formulario que se dispone en el siguiente link: <a href=\"https:\/\/forms.gle\/15Hd6yEzTC9UdxmK9\">https:\/\/forms.gle\/15Hd6yEzTC9UdxmK9<\/a><\/li>\n<\/ul>\n<p><strong>SI TENES INCONVENIENTES PARA GRABAR EL VIDEO PERO QUER\u00c9S PARTICIPAR, PONETE EN CONTACTO CON NOSOTROS. <\/strong><\/p>\n<p><u>Dudas o consultas: <\/u><\/p>\n<p>Comunicarse a comunicaci\u00f3n@cudecoop.coop o al celular 091 246 327<\/p>\n<p>&nbsp;<\/p>\n<p>&nbsp;<\/p>\n","protected":false},"excerpt":{"rendered":"<p>CUDECOOP te invita a participar de la campa\u00f1a que propone visibilizar las acciones y experiencias cooperativas en el marco de la pandemia Covid-19 #Cooperamos porque es lo que sabemos hacer &nbsp; \u00bfQu\u00e9 buscamos? Queremos mostrar al mundo cu\u00e1les son las preocupaciones y las acciones que las cooperativas realizan en el territorio para colaborar solidariamente con la poblaci\u00f3n nacional a causa de la pandemia. &nbsp; \u00bfQui\u00e9nes pueden participar? Cooperativas y cooperativistas a quienes la situaci\u00f3n actual les toque de primera mano y quieran amplificar su mensaje. &nbsp; \u00bfC\u00f3mo participar? Es muy sencillo para que cualquier persona con un celular y conexi\u00f3n [&#8230;]<\/p>\n","protected":false},"author":27,"featured_media":0,"comment_status":"open","ping_status":"open","sticky":false,"template":"","format":"standard","meta":{"_acf_changed":false,"ngg_post_thumbnail":0,"footnotes":""},"categories":[7,6,1],"tags":[],"class_list":["post-3168","post","type-post","status-publish","format-standard","hentry","category-cooperativas","category-institucionales","category-noticias"],"acf":[],"_links":{"self":[{"href":"http:\/\/www.cudecoop.coop\/cudecoop\/wp-json\/wp\/v2\/posts\/3168","targetHints":{"allow":["GET"]}}],"collection":[{"href":"http:\/\/www.cudecoop.coop\/cudecoop\/wp-json\/wp\/v2\/posts"}],"about":[{"href":"http:\/\/www.cudecoop.coop\/cudecoop\/wp-json\/wp\/v2\/types\/post"}],"author":[{"embeddable":true,"href":"http:\/\/www.cudecoop.coop\/cudecoop\/wp-json\/wp\/v2\/users\/27"}],"replies":[{"embeddable":true,"href":"http:\/\/www.cudecoop.coop\/cudecoop\/wp-json\/wp\/v2\/comments?post=3168"}],"version-history":[{"count":1,"href":"http:\/\/www.cudecoop.coop\/cudecoop\/wp-json\/wp\/v2\/posts\/3168\/revisions"}],"predecessor-version":[{"id":3169,"href":"http:\/\/www.cudecoop.coop\/cudecoop\/wp-json\/wp\/v2\/posts\/3168\/revisions\/3169"}],"wp:attachment":[{"href":"http:\/\/www.cudecoop.coop\/cudecoop\/wp-json\/wp\/v2\/media?parent=3168"}],"wp:term":[{"taxonomy":"category","embeddable":true,"href":"http:\/\/www.cudecoop.coop\/cudecoop\/wp-json\/wp\/v2\/categories?post=3168"},{"taxonomy":"post_tag","embeddable":true,"href":"http:\/\/www.cudecoop.coop\/cudecoop\/wp-json\/wp\/v2\/tags?post=3168"}],"curies":[{"name":"wp","href":"https:\/\/api.w.org\/{rel}","templated":true}]}}