{"id":3164,"date":"2020-03-24T13:24:37","date_gmt":"2020-03-24T13:24:37","guid":{"rendered":"http:\/\/www.cudecoop.coop\/cudecoop\/?p=3164"},"modified":"2020-03-24T13:24:37","modified_gmt":"2020-03-24T13:24:37","slug":"comunicado-de-cudecoop-a-las-organizaciones-cooperativas","status":"publish","type":"post","link":"http:\/\/www.cudecoop.coop\/cudecoop\/comunicado-de-cudecoop-a-las-organizaciones-cooperativas\/","title":{"rendered":"Comunicado de CUDECOOP a las organizaciones cooperativas"},"content":{"rendered":"<p><strong>Estimadas\/os cooperativistas,<\/strong><\/p>\n<p>Como inform\u00e1ramos la semana pasada, los efectos de la crisis del COVID-19 han empezado a hacerse sentir con fuerza en muchas de nuestras organizaciones, y m\u00e1s all\u00e1 de las m\u00faltiples respuestas solidarias que nuestras entidades est\u00e1n desarrollando, nos enfrentamos a una coyuntura muy dif\u00edcil que requiere de respuestas desde la pol\u00edtica p\u00fablica.<\/p>\n<p>De esta forma CUDECOOP ha estado realizando gestiones para generar mecanismos de alivio y posibles respuestas a las situaciones cr\u00edticas que est\u00e1n atravesando muchas de nuestras cooperativas.<\/p>\n<p>En primer lugar, hemos buscado generar mecanismos que alivien la erogaci\u00f3n de gastos durante este escenario de crisis, gestionando a trav\u00e9s de nuestros delegados en INACOOP y FONDES-INACOOP, alternativas para diferir el pago de la Prestaci\u00f3n Coactiva, as\u00ed como los vencimientos de los cr\u00e9ditos del FONDES. En la fecha de ayer se ha confirmado la pr\u00f3rroga de los pagos de cuotas de la Prestaci\u00f3n Coactiva para la promoci\u00f3n, desarrollo y educaci\u00f3n cooperativa hasta el 15 de mayo de 2020, y existe voluntad por parte de las autoridades designadas por el Poder Ejecutivo de facilitar la adecuaci\u00f3n de pagos de los meses de marzo y abril. A partir de mayo la Unidad T\u00e9cnica del FONDES-INACOOP estar\u00e1 contactando a cada cooperativa a fin de ajustar la reprogramaci\u00f3n de pagos.<\/p>\n<p>En segundo lugar, se est\u00e1n realizando gestiones para incluir a las cooperativas entre los beneficiarios del cr\u00e9dito del BROU destinado a PYMES, anunciado por el Gobierno para contrarrestar la dif\u00edcil coyuntura financiera de muchas empresas. En este caso ha habido contactos con el Presidente designado de INACOOP, Sr. Mart\u00edn Fern\u00e1ndez, que ha dado una respuesta alentadora sobre esta posibilidad, la que requerir\u00e1 por parte de las cooperativas, encontrarse al d\u00eda con las diferentes exigencias de DGI\/BPS e INACOOP\/AIN.<\/p>\n<p>Tambi\u00e9n estamos realizando un seguimiento de los efectos que la crisis tendr\u00e1 sobre muchas de las iniciativas de convenios interinstitucionales que tiene el INACOOP, en particular con UTE, OSE, MIDES, Intendencias, as\u00ed como la forma en que se adecuar\u00e1n los sistemas de previsi\u00f3n social en muchas entidades que hoy han debido disminuir o detener su actividad.<\/p>\n<p>Por otra parte, hemos recibido la inquietud por parte de varias Federaciones respecto a la incidencia de un eventual aumento de precios de servicios como el de la electricidad, as\u00ed como el eventual desfinanciamiento de las cooperativas de vivienda cuyas obras han debido detenerse.<\/p>\n<p><strong>Desde CUDECOOP alentamos a todas las cooperativas a informar sobre su situaci\u00f3n a sus respectivas Federaciones, y a las mismas a reportar el estado de situaci\u00f3n por Clase Cooperativa a la Confederaci\u00f3n. La unidad es fundamental para hacer frente a esta dif\u00edcil coyuntura, y el profundizar la acci\u00f3n en base a nuestros Principios, la mejor estrategia para sobrellevarla y recuperarnos con fuerza.<\/strong><\/p>\n<p>Destacando el despliegue de las iniciativas solidarias de nuestras cooperativas de base y recordando la importancia de atender las recomendaciones sanitarias del MSP y del Sistema Nacional de Emergencia, las autoridades de la Confederaci\u00f3n y sus delegados ante el Gobierno Nacional, mantendremos un canal permanente de comunicaci\u00f3n respecto a los avances que se vayan generando.<\/p>\n<p>&nbsp;<\/p>\n<p><strong>Comit\u00e9 Ejecutivo<\/strong><\/p>\n<p><strong>CUDECOOP<\/strong><\/p>\n<p><strong>Secretaria&nbsp;&nbsp;&nbsp;&nbsp;&nbsp;&nbsp;&nbsp;&nbsp;&nbsp;&nbsp; &nbsp;&nbsp;&nbsp;&nbsp;&nbsp;&nbsp;&nbsp;&nbsp;&nbsp;&nbsp;&nbsp;&nbsp;&nbsp;&nbsp;&nbsp;&nbsp;&nbsp;&nbsp;&nbsp;&nbsp;&nbsp;&nbsp;&nbsp;&nbsp;&nbsp;&nbsp;&nbsp;&nbsp;&nbsp;&nbsp;&nbsp;&nbsp;&nbsp;&nbsp;&nbsp;&nbsp;&nbsp;&nbsp;&nbsp;&nbsp;&nbsp;&nbsp;&nbsp;&nbsp;&nbsp;&nbsp;&nbsp;&nbsp;&nbsp;&nbsp;&nbsp;&nbsp;&nbsp;&nbsp;&nbsp;&nbsp;&nbsp;&nbsp;&nbsp;&nbsp;&nbsp;&nbsp;&nbsp;&nbsp;&nbsp;&nbsp;&nbsp;&nbsp;&nbsp; Presidenta<\/strong><\/p>\n<p><strong>Alicia Maneiro&nbsp;&nbsp;&nbsp;&nbsp;&nbsp;&nbsp;&nbsp;&nbsp;&nbsp;&nbsp;&nbsp;&nbsp;&nbsp;&nbsp;&nbsp;&nbsp;&nbsp;&nbsp;&nbsp;&nbsp;&nbsp;&nbsp;&nbsp;&nbsp;&nbsp;&nbsp;&nbsp;&nbsp;&nbsp;&nbsp;&nbsp;&nbsp;&nbsp;&nbsp;&nbsp;&nbsp;&nbsp;&nbsp;&nbsp;&nbsp;&nbsp;&nbsp;&nbsp;&nbsp;&nbsp;&nbsp;&nbsp;&nbsp;&nbsp;&nbsp;&nbsp;&nbsp;&nbsp;&nbsp;&nbsp;&nbsp;&nbsp;&nbsp;&nbsp;&nbsp;&nbsp;&nbsp;&nbsp;&nbsp;&nbsp;&nbsp;&nbsp; Graciela Fern\u00e1ndez<\/strong><\/p>\n","protected":false},"excerpt":{"rendered":"<p>Estimadas\/os cooperativistas, Como inform\u00e1ramos la semana pasada, los efectos de la crisis del COVID-19 han empezado a hacerse sentir con fuerza en muchas de nuestras organizaciones, y m\u00e1s all\u00e1 de las m\u00faltiples respuestas solidarias que nuestras entidades est\u00e1n desarrollando, nos enfrentamos a una coyuntura muy dif\u00edcil que requiere de respuestas desde la pol\u00edtica p\u00fablica. De esta forma CUDECOOP ha estado realizando gestiones para generar mecanismos de alivio y posibles respuestas a las situaciones cr\u00edticas que est\u00e1n atravesando muchas de nuestras cooperativas. En primer lugar, hemos buscado generar mecanismos que alivien la erogaci\u00f3n de gastos durante este escenario de crisis, gestionando [&#8230;]<\/p>\n","protected":false},"author":27,"featured_media":3165,"comment_status":"open","ping_status":"open","sticky":false,"template":"","format":"standard","meta":{"_acf_changed":false,"ngg_post_thumbnail":0,"footnotes":""},"categories":[7,6,1],"tags":[],"class_list":["post-3164","post","type-post","status-publish","format-standard","has-post-thumbnail","hentry","category-cooperativas","category-institucionales","category-noticias"],"acf":[],"_links":{"self":[{"href":"http:\/\/www.cudecoop.coop\/cudecoop\/wp-json\/wp\/v2\/posts\/3164","targetHints":{"allow":["GET"]}}],"collection":[{"href":"http:\/\/www.cudecoop.coop\/cudecoop\/wp-json\/wp\/v2\/posts"}],"about":[{"href":"http:\/\/www.cudecoop.coop\/cudecoop\/wp-json\/wp\/v2\/types\/post"}],"author":[{"embeddable":true,"href":"http:\/\/www.cudecoop.coop\/cudecoop\/wp-json\/wp\/v2\/users\/27"}],"replies":[{"embeddable":true,"href":"http:\/\/www.cudecoop.coop\/cudecoop\/wp-json\/wp\/v2\/comments?post=3164"}],"version-history":[{"count":1,"href":"http:\/\/www.cudecoop.coop\/cudecoop\/wp-json\/wp\/v2\/posts\/3164\/revisions"}],"predecessor-version":[{"id":3166,"href":"http:\/\/www.cudecoop.coop\/cudecoop\/wp-json\/wp\/v2\/posts\/3164\/revisions\/3166"}],"wp:featuredmedia":[{"embeddable":true,"href":"http:\/\/www.cudecoop.coop\/cudecoop\/wp-json\/wp\/v2\/media\/3165"}],"wp:attachment":[{"href":"http:\/\/www.cudecoop.coop\/cudecoop\/wp-json\/wp\/v2\/media?parent=3164"}],"wp:term":[{"taxonomy":"category","embeddable":true,"href":"http:\/\/www.cudecoop.coop\/cudecoop\/wp-json\/wp\/v2\/categories?post=3164"},{"taxonomy":"post_tag","embeddable":true,"href":"http:\/\/www.cudecoop.coop\/cudecoop\/wp-json\/wp\/v2\/tags?post=3164"}],"curies":[{"name":"wp","href":"https:\/\/api.w.org\/{rel}","templated":true}]}}