{"id":3151,"date":"2020-03-18T23:28:35","date_gmt":"2020-03-18T23:28:35","guid":{"rendered":"http:\/\/www.cudecoop.coop\/cudecoop\/?p=3151"},"modified":"2021-12-29T21:13:00","modified_gmt":"2021-12-29T21:13:00","slug":"que-estan-haciendo-las-organizaciones-cooperativas-en-uruguay-por-el-covid-19","status":"publish","type":"post","link":"http:\/\/www.cudecoop.coop\/cudecoop\/que-estan-haciendo-las-organizaciones-cooperativas-en-uruguay-por-el-covid-19\/","title":{"rendered":"\u00bfQu\u00e9 est\u00e1n haciendo las organizaciones cooperativas en Uruguay por el COVID-19?"},"content":{"rendered":"<hr>\n<p><span style=\"color: #453879;\"><strong>Informe de CUDECOOP <\/strong><strong>en base a informaci\u00f3n de sus socias<\/strong><\/span><\/p>\n<hr>\n<p>A causa de la emergencia sanitaria que atraviesa la regi\u00f3n y el mundo, las cooperativas del pa\u00eds se disponen a re-establecer sus formas de trabajo, y exhortan a sus asociados y a tomar medidas. Aqu\u00ed realizamos un repaso de las acciones que est\u00e1n tomando las mismas para proteger a sus miembros y a la comunidad en general.<\/p>\n<p>En casi todos los casos se tomaron medidas en forma inmediata, comunicando protocolos con recomendaciones a los socios, funcionarios y directivos. La gran mayor\u00eda de las gremiales cooperativas coincide en disponer su trabajo \u00fanicamente a trav\u00e9s de plataformas electr\u00f3nicas: correo, whatsapp, web, y comunidades sociales, y piden a las cooperativas que pueden hacerlo, a que busquen los mecanismos que les permita funcionar sin reuniones presenciales.<\/p>\n<p>Tambi\u00e9n coinciden en continuar brindando los servicios de asesoramiento&nbsp;a trav\u00e9s de sus correos electr\u00f3nicos y en forma online para atender situaciones que requieran consultas, permaneciendo las gremiales con las sedes cerradas o abiertas pero sin atenci\u00f3n al p\u00fablico.<\/p>\n<p>Ahora un repaso por cada sector<\/p>\n<p><span style=\"color: #453879;\"><strong>Sector ahorro y cr\u00e9dito<\/strong><\/span><\/p>\n<p>Las cooperativas de ahorro y cr\u00e9dito, refuerzan su apuesta en su atenci\u00f3n a la masa social, elaborando protocolos de actuaci\u00f3n para poder apoyar de mejor manera a las personas asociadas en la emergencia sanitaria.<\/p>\n<p>Actualmente la mayor\u00eda de las cooperativas ya se encuentran trabajando la atenci\u00f3n al p\u00fablico a trav\u00e9s de canales virtuales, para evitar toda forma de propagaci\u00f3n.<\/p>\n<p>Ante cualquier duda o consulta se sugiere a las personas socias que se contacten con su cooperativa preferentemente v\u00eda telef\u00f3nica, e-mail o sus distintos canales virtuales disponibles.<\/p>\n<p><span style=\"color: #453879;\"><strong>Sector consumo<\/strong><\/span><\/p>\n<p>&#8220;Para proteger la salud de todos y para promover el cuidado de los m\u00e1s vulnerables, las cooperativas de consumo afiliadas a la FUCC han adoptado distintas resoluciones que permitir\u00e1n atravesar en forma m\u00e1s razonable esta contingencia&#8221;. Entre ellas Cosalco, Cuteantel, M\u00e1s Coop, Comag y Municipal, tomaron medidas como las siguientes:<\/p>\n<p>Mantener sus servicios de supermercado con abastecimiento suficiente para atender las necesidades de los socios en las presentes circunstancias, cuidando mantener los precios evitando cualquier especulaci\u00f3n. Tambi\u00e9n se ha definido en varias el env\u00edo gratuito de las compras a todo el pa\u00eds, entre el 18 y 30 de marzo, as\u00ed como &nbsp;l\u00edneas de cr\u00e9dito especiales. Se ha previsto un sistema de atenci\u00f3n de consultas de salud de 24 horas a trav\u00e9s de l\u00edneas telef\u00f3nicas; entre otras medidas. El resto de los servicios se han procurado mantener, cuidando de los funcionarios, a trav\u00e9s de horarios restringidos para las actividades presenciales, y el uso obligatorio de guantes desechables y tapabocas.<\/p>\n<p><span style=\"color: #453879;\"><strong>Sector agrario<\/strong><\/span><\/p>\n<p>El sector agrario, adem\u00e1s de la emergencia sanitaria que cancela ferias para ganado y espacios de comercializaci\u00f3n, se encuentra atravesado, en varios Departamentos, por una situaci\u00f3n de emergencia clim\u00e1tica. Esto complica a\u00fan m\u00e1s su escenario de posibilidades. Por su parte las gremiales cooperativas del sector exhortan a sus asociadas a &#8220;cumplir con las medidas sugeridas por el MSP tendientes a reducir la propagaci\u00f3n del virus. En especial evitar la concurrencia al trabajo de personas con s\u00edntomas o que hubieren tenido contacto con potenciales portadores y a maximizar las medidas de higiene para evitar contagio.&#8221;<\/p>\n<p>Tanto cooperativas agrarias como sociedades de fomento rural han reafirmado el compromiso por &#8220;garantizar el suministro de alimentos a la poblaci\u00f3n y extremar las medidas de seguridad para evitar la propagaci\u00f3n del virus.&#8221;<\/p>\n<p><span style=\"color: #453879;\"><strong>Sector trabajo<\/strong><\/span><\/p>\n<p>Entre las cooperativas de trabajo las repercusiones y respuestas a la presente crisis sanitaria son tan diversas como los m\u00faltiples sectores de actividad que involucra a las cooperativas de producci\u00f3n.<\/p>\n<p>Su gremial, la Federaci\u00f3n de Cooperativas de Producci\u00f3n del Uruguay (FCPU) emiti\u00f3 una serie de recomendaciones para afrontar al COVID-19 en las cooperativas de trabajo, entre las que se destacan los siguientes puntos:<\/p>\n<p>Promover la informaci\u00f3n mediante charlas y carteler\u00eda; proveer en los lugares de trabajo el material de higiene necesaria; extremar las medidas de higiene reglamentarias a trav\u00e9s del mantenimiento y desinfecci\u00f3n de equipos; contar con elementos de higiene y tener identificados los lugares en donde poder lavarse las manos de manera segura; evitar el uso de aires acondicionados; promover el uso de la protecci\u00f3n respiratoria; y en caso de lugares o espacios donde se presenten situaciones de riesgo, como ser contacto con personas que tengan s\u00edntomas de afecciones respiratorias, detener las tareas y reprogramar las actividades; facilitar desde los colectivos el apoyo a quienes necesiten permanecer en sus domicilios, como ser el acceso a los productos de primera necesidad e higiene b\u00e1sica (personal y ambiental); entre otros. <a href=\"http:\/\/fcpu.coop\/wp-content\/uploads\/2020\/03\/Recomendaciones-Covid-19-20200316.pdf\">Recomendaciones COVID-19 COOPERATIVAS DE TRABAJO<\/a><\/p>\n<p>Desde otra perspectiva, la FCPU se encuentra evaluando el impacto econ\u00f3mico asociado a la crisis, de acuerdo a los sectores productivos en los que se inserta cada cooperativa afiliada, para la que se buscar\u00e1n construir alternativas de apoyo para enfrentar la baja de actividad.<\/p>\n<p><span style=\"color: #453879;\"><strong>Sector vivienda<\/strong><\/span><\/p>\n<p>Desde las gremiales del sector (FUCVAM y FECOVI) se exhorta a las cooperativas, que salvo situaciones de extrema&nbsp;necesidad, busquen los mecanismos que permitan funcionar sin reuniones presenciales.<\/p>\n<p>Las cooperativas que est\u00e9n en obra, ser\u00e1n informadas sobre cualquier decisi\u00f3n tomada entre el MTSS y el SUNCA, con respecto a la actividad de la construcci\u00f3n, ya que hasta el momento contin\u00faan las obras con normalidad.<\/p>\n<p>Adem\u00e1s, FUCVAM redact\u00f3 un comunicado junto a otras organizaciones sociales donde manifiestan sus preocupaciones sociales de manera m\u00e1s amplia:<\/p>\n<p><a href=\"https:\/\/www.fucvam.org.uy\/comunicado-intersocial\/\">Comunicado intersocial<\/a><\/p>\n<p>&nbsp;<\/p>\n<p>Fuentes consultadas:<\/p>\n<p>http:\/\/www.caf.org.uy\/site\/wp-content\/uploads\/2020\/03\/Comunicado-CAF-17032020.pdf<\/p>\n<blockquote class=\"wp-embedded-content\" data-secret=\"YSw6Dg5VWY\"><p><a href=\"https:\/\/fcpu.coop\/medidas-de-prevencion-ante-aparicion-covid-19-en-uruguay\/\">Medidas de prevenci\u00f3n ante aparici\u00f3n COVID-19 en Uruguay<\/a><\/p><\/blockquote>\n<p><iframe loading=\"lazy\" class=\"wp-embedded-content\" sandbox=\"allow-scripts\" security=\"restricted\" style=\"position: absolute; clip: rect(1px, 1px, 1px, 1px);\" title=\"\u00abMedidas de prevenci\u00f3n ante aparici\u00f3n COVID-19 en Uruguay\u00bb \u2014 FCPU\" src=\"https:\/\/fcpu.coop\/medidas-de-prevencion-ante-aparicion-covid-19-en-uruguay\/embed\/#?secret=2qPm05qqxP#?secret=YSw6Dg5VWY\" data-secret=\"YSw6Dg5VWY\" width=\"525\" height=\"296\" frameborder=\"0\" marginwidth=\"0\" marginheight=\"0\" scrolling=\"no\"><\/iframe><\/p>\n<p>http:\/\/www.fecovi.coop\/viv\/2020\/03\/16\/comunicado-de-fecovi-respecto-a-la-situacion-sanitaria-y-funcionamiento-de-la-federacion\/<\/p>\n<p>https:\/\/ccu.org.uy\/news\/sedes-de-ccu-cierran-por-covid-19<\/p>\n<p>https:\/\/www.fucvam.org.uy\/comunicamos-a-las-cooperativas-afiliadas-a-fucvam\/<\/p>\n<blockquote class=\"wp-embedded-content\" data-secret=\"uu1u3ZpI98\"><p><a href=\"https:\/\/fucc.coop\/respuesta-de-las-cooperativas-de-consumo-ante-la-emergencia-sanitaria\/\">Respuesta de las cooperativas de consumo ante la emergencia sanitaria<\/a><\/p><\/blockquote>\n<p><iframe loading=\"lazy\" class=\"wp-embedded-content\" sandbox=\"allow-scripts\" security=\"restricted\" style=\"position: absolute; clip: rect(1px, 1px, 1px, 1px);\" title=\"\u00abRespuesta de las cooperativas de consumo ante la emergencia sanitaria\u00bb \u2014 FUCC\" src=\"https:\/\/fucc.coop\/respuesta-de-las-cooperativas-de-consumo-ante-la-emergencia-sanitaria\/embed\/#?secret=mlRtBaE8C9#?secret=uu1u3ZpI98\" data-secret=\"uu1u3ZpI98\" width=\"525\" height=\"296\" frameborder=\"0\" marginwidth=\"0\" marginheight=\"0\" scrolling=\"no\"><\/iframe><\/p>\n<p>&nbsp;<\/p>\n<blockquote class=\"wp-embedded-content\" data-secret=\"p0C6hwwyrL\"><p><a href=\"https:\/\/fucc.coop\/fucc-ante-la-emergencia-sanitaria\/\">FUCC ante la emergencia sanitaria<\/a><\/p><\/blockquote>\n<p><iframe loading=\"lazy\" class=\"wp-embedded-content\" sandbox=\"allow-scripts\" security=\"restricted\" style=\"position: absolute; clip: rect(1px, 1px, 1px, 1px);\" title=\"\u00abFUCC ante la emergencia sanitaria\u00bb \u2014 FUCC\" src=\"https:\/\/fucc.coop\/fucc-ante-la-emergencia-sanitaria\/embed\/#?secret=FmEgJSIJtv#?secret=p0C6hwwyrL\" data-secret=\"p0C6hwwyrL\" width=\"525\" height=\"296\" frameborder=\"0\" marginwidth=\"0\" marginheight=\"0\" scrolling=\"no\"><\/iframe><\/p>\n<p>&nbsp;<\/p>\n<blockquote class=\"wp-embedded-content\" data-secret=\"slfWpXXaT0\"><p><a href=\"https:\/\/cucacc.coop\/\">Home<\/a><\/p><\/blockquote>\n<p><iframe loading=\"lazy\" class=\"wp-embedded-content\" sandbox=\"allow-scripts\" security=\"restricted\" style=\"position: absolute; clip: rect(1px, 1px, 1px, 1px);\" title=\"\u00abHome\u00bb \u2014 CUCACC\" src=\"https:\/\/cucacc.coop\/embed\/#?secret=98wTUAMatn#?secret=slfWpXXaT0\" data-secret=\"slfWpXXaT0\" width=\"525\" height=\"296\" frameborder=\"0\" marginwidth=\"0\" marginheight=\"0\" scrolling=\"no\"><\/iframe><\/p>\n<p>&nbsp;<\/p>\n","protected":false},"excerpt":{"rendered":"<p>Informe de CUDECOOP en base a informaci\u00f3n de sus socias A causa de la emergencia sanitaria que atraviesa la regi\u00f3n y el mundo, las cooperativas del pa\u00eds se disponen a re-establecer sus formas de trabajo, y exhortan a sus asociados y a tomar medidas. Aqu\u00ed realizamos un repaso de las acciones que est\u00e1n tomando las mismas para proteger a sus miembros y a la comunidad en general. En casi todos los casos se tomaron medidas en forma inmediata, comunicando protocolos con recomendaciones a los socios, funcionarios y directivos. La gran mayor\u00eda de las gremiales cooperativas coincide en disponer su trabajo [&#8230;]<\/p>\n","protected":false},"author":27,"featured_media":3153,"comment_status":"open","ping_status":"open","sticky":false,"template":"","format":"standard","meta":{"_acf_changed":false,"ngg_post_thumbnail":0,"footnotes":""},"categories":[7,6,1],"tags":[],"class_list":["post-3151","post","type-post","status-publish","format-standard","has-post-thumbnail","hentry","category-cooperativas","category-institucionales","category-noticias"],"acf":[],"_links":{"self":[{"href":"http:\/\/www.cudecoop.coop\/cudecoop\/wp-json\/wp\/v2\/posts\/3151","targetHints":{"allow":["GET"]}}],"collection":[{"href":"http:\/\/www.cudecoop.coop\/cudecoop\/wp-json\/wp\/v2\/posts"}],"about":[{"href":"http:\/\/www.cudecoop.coop\/cudecoop\/wp-json\/wp\/v2\/types\/post"}],"author":[{"embeddable":true,"href":"http:\/\/www.cudecoop.coop\/cudecoop\/wp-json\/wp\/v2\/users\/27"}],"replies":[{"embeddable":true,"href":"http:\/\/www.cudecoop.coop\/cudecoop\/wp-json\/wp\/v2\/comments?post=3151"}],"version-history":[{"count":6,"href":"http:\/\/www.cudecoop.coop\/cudecoop\/wp-json\/wp\/v2\/posts\/3151\/revisions"}],"predecessor-version":[{"id":3162,"href":"http:\/\/www.cudecoop.coop\/cudecoop\/wp-json\/wp\/v2\/posts\/3151\/revisions\/3162"}],"wp:featuredmedia":[{"embeddable":true,"href":"http:\/\/www.cudecoop.coop\/cudecoop\/wp-json\/wp\/v2\/media\/3153"}],"wp:attachment":[{"href":"http:\/\/www.cudecoop.coop\/cudecoop\/wp-json\/wp\/v2\/media?parent=3151"}],"wp:term":[{"taxonomy":"category","embeddable":true,"href":"http:\/\/www.cudecoop.coop\/cudecoop\/wp-json\/wp\/v2\/categories?post=3151"},{"taxonomy":"post_tag","embeddable":true,"href":"http:\/\/www.cudecoop.coop\/cudecoop\/wp-json\/wp\/v2\/tags?post=3151"}],"curies":[{"name":"wp","href":"https:\/\/api.w.org\/{rel}","templated":true}]}}