{"id":3144,"date":"2020-03-16T13:54:06","date_gmt":"2020-03-16T13:54:06","guid":{"rendered":"http:\/\/www.cudecoop.coop\/cudecoop\/?p=3144"},"modified":"2020-03-26T15:17:30","modified_gmt":"2020-03-26T15:17:30","slug":"oficina-cerrada-por-covid-19","status":"publish","type":"post","link":"http:\/\/www.cudecoop.coop\/cudecoop\/oficina-cerrada-por-covid-19\/","title":{"rendered":"Oficina cerrada por Covid-19"},"content":{"rendered":"<p>Por motivos de prevenci\u00f3n y colaboraci\u00f3n con la no propagaci\u00f3n del virus Covid-19, las instalaciones de CUDECOOP permanecer\u00e1n cerradas hasta el viernes 10 de abril.<\/p>\n<p>Se suspenden las actividades previstas para estos d\u00edas, entre ellas, el desayuno de trabajo con el Dr. Pablo Mieres y el Consejo Directivo del martes 24 de marzo. Las reuniones internas previstas tambi\u00e9n quedan sin efecto.&nbsp;<\/p>\n<p>El equipo de trabajo seguir\u00e1 presente a distancia, por lo que se podr\u00e1n contactar por los distintos medios electr\u00f3nicos.<\/p>\n<p>&nbsp;<\/p>\n","protected":false},"excerpt":{"rendered":"<p>Por motivos de prevenci\u00f3n y colaboraci\u00f3n con la no propagaci\u00f3n del virus Covid-19, las instalaciones de CUDECOOP permanecer\u00e1n cerradas hasta el viernes 10 de abril. Se suspenden las actividades previstas para estos d\u00edas, entre ellas, el desayuno de trabajo con el Dr. Pablo Mieres y el Consejo Directivo del martes 24 de marzo. Las reuniones internas previstas tambi\u00e9n quedan sin efecto.&nbsp; El equipo de trabajo seguir\u00e1 presente a distancia, por lo que se podr\u00e1n contactar por los distintos medios electr\u00f3nicos. [&#8230;]<\/p>\n","protected":false},"author":27,"featured_media":0,"comment_status":"open","ping_status":"open","sticky":false,"template":"","format":"standard","meta":{"_acf_changed":false,"ngg_post_thumbnail":0,"footnotes":""},"categories":[7,6,1],"tags":[],"class_list":["post-3144","post","type-post","status-publish","format-standard","hentry","category-cooperativas","category-institucionales","category-noticias"],"acf":[],"_links":{"self":[{"href":"http:\/\/www.cudecoop.coop\/cudecoop\/wp-json\/wp\/v2\/posts\/3144","targetHints":{"allow":["GET"]}}],"collection":[{"href":"http:\/\/www.cudecoop.coop\/cudecoop\/wp-json\/wp\/v2\/posts"}],"about":[{"href":"http:\/\/www.cudecoop.coop\/cudecoop\/wp-json\/wp\/v2\/types\/post"}],"author":[{"embeddable":true,"href":"http:\/\/www.cudecoop.coop\/cudecoop\/wp-json\/wp\/v2\/users\/27"}],"replies":[{"embeddable":true,"href":"http:\/\/www.cudecoop.coop\/cudecoop\/wp-json\/wp\/v2\/comments?post=3144"}],"version-history":[{"count":5,"href":"http:\/\/www.cudecoop.coop\/cudecoop\/wp-json\/wp\/v2\/posts\/3144\/revisions"}],"predecessor-version":[{"id":3167,"href":"http:\/\/www.cudecoop.coop\/cudecoop\/wp-json\/wp\/v2\/posts\/3144\/revisions\/3167"}],"wp:attachment":[{"href":"http:\/\/www.cudecoop.coop\/cudecoop\/wp-json\/wp\/v2\/media?parent=3144"}],"wp:term":[{"taxonomy":"category","embeddable":true,"href":"http:\/\/www.cudecoop.coop\/cudecoop\/wp-json\/wp\/v2\/categories?post=3144"},{"taxonomy":"post_tag","embeddable":true,"href":"http:\/\/www.cudecoop.coop\/cudecoop\/wp-json\/wp\/v2\/tags?post=3144"}],"curies":[{"name":"wp","href":"https:\/\/api.w.org\/{rel}","templated":true}]}}