{"id":3131,"date":"2020-03-05T17:34:55","date_gmt":"2020-03-05T17:34:55","guid":{"rendered":"http:\/\/www.cudecoop.coop\/cudecoop\/?p=3131"},"modified":"2020-03-05T17:34:55","modified_gmt":"2020-03-05T17:34:55","slug":"desayuno-de-intercambio-entre-el-ministro-de-trabajo-y-el-movimiento-cooperativo","status":"publish","type":"post","link":"http:\/\/www.cudecoop.coop\/cudecoop\/desayuno-de-intercambio-entre-el-ministro-de-trabajo-y-el-movimiento-cooperativo\/","title":{"rendered":"Desayuno de intercambio\u00a0entre el Ministro de Trabajo y el movimiento cooperativo"},"content":{"rendered":"<p>Actividad para consejeros,&nbsp;dirigentes y cargos t\u00e9cnicos de las federaciones y organizaciones socias de CUDECOOP.&nbsp;<\/p>\n<p><strong>&nbsp;<br \/>\nEn martes 17 de marzo el movimiento cooperativo organizado se reunir\u00e1 con el ministro de Trabajo, Dr. Pablo Mieres, para conocer la visi\u00f3n del nuevo gobierno con respecto a las pol\u00edticas para el sector.<br \/>\n&nbsp;<\/strong><\/p>\n<h2><strong>El encuentro es resultado del intercambio que&nbsp;Pablo Mieres y el Subsecretario Mario Arizti, mantuvieron con el Comit\u00e9 Ejecutivo de la Confederaci\u00f3n, en donde aceptaron participar de este evento para desarrollar lo que son sus prioridades con respecto a la pol\u00edtica para el sector, y adem\u00e1s comentar sus impresiones con respecto a las propuestas program\u00e1ticas del movimiento.<\/strong><\/h2>\n","protected":false},"excerpt":{"rendered":"<p>Actividad para consejeros,&nbsp;dirigentes y cargos t\u00e9cnicos de las federaciones y organizaciones socias de CUDECOOP.&nbsp; &nbsp;<br \/> En martes 17 de marzo el movimiento cooperativo organizado se reunir\u00e1 con el ministro de Trabajo, Dr. Pablo Mieres, para conocer la visi\u00f3n del nuevo gobierno con respecto a las pol\u00edticas para el sector.<br \/> &nbsp; El encuentro es resultado del intercambio que&nbsp;Pablo Mieres y el Subsecretario Mario Arizti, mantuvieron con el Comit\u00e9 Ejecutivo de la Confederaci\u00f3n, en donde aceptaron participar de este evento para desarrollar lo que son sus prioridades con respecto a la pol\u00edtica para el sector, y adem\u00e1s comentar sus impresiones [&#8230;]<\/p>\n","protected":false},"author":27,"featured_media":0,"comment_status":"open","ping_status":"open","sticky":false,"template":"","format":"standard","meta":{"_acf_changed":false,"ngg_post_thumbnail":0,"footnotes":""},"categories":[7,6,1],"tags":[],"class_list":["post-3131","post","type-post","status-publish","format-standard","hentry","category-cooperativas","category-institucionales","category-noticias"],"acf":[],"_links":{"self":[{"href":"http:\/\/www.cudecoop.coop\/cudecoop\/wp-json\/wp\/v2\/posts\/3131","targetHints":{"allow":["GET"]}}],"collection":[{"href":"http:\/\/www.cudecoop.coop\/cudecoop\/wp-json\/wp\/v2\/posts"}],"about":[{"href":"http:\/\/www.cudecoop.coop\/cudecoop\/wp-json\/wp\/v2\/types\/post"}],"author":[{"embeddable":true,"href":"http:\/\/www.cudecoop.coop\/cudecoop\/wp-json\/wp\/v2\/users\/27"}],"replies":[{"embeddable":true,"href":"http:\/\/www.cudecoop.coop\/cudecoop\/wp-json\/wp\/v2\/comments?post=3131"}],"version-history":[{"count":1,"href":"http:\/\/www.cudecoop.coop\/cudecoop\/wp-json\/wp\/v2\/posts\/3131\/revisions"}],"predecessor-version":[{"id":3132,"href":"http:\/\/www.cudecoop.coop\/cudecoop\/wp-json\/wp\/v2\/posts\/3131\/revisions\/3132"}],"wp:attachment":[{"href":"http:\/\/www.cudecoop.coop\/cudecoop\/wp-json\/wp\/v2\/media?parent=3131"}],"wp:term":[{"taxonomy":"category","embeddable":true,"href":"http:\/\/www.cudecoop.coop\/cudecoop\/wp-json\/wp\/v2\/categories?post=3131"},{"taxonomy":"post_tag","embeddable":true,"href":"http:\/\/www.cudecoop.coop\/cudecoop\/wp-json\/wp\/v2\/tags?post=3131"}],"curies":[{"name":"wp","href":"https:\/\/api.w.org\/{rel}","templated":true}]}}