{"id":3123,"date":"2020-03-03T14:48:18","date_gmt":"2020-03-03T14:48:18","guid":{"rendered":"http:\/\/www.cudecoop.coop\/cudecoop\/?p=3123"},"modified":"2020-03-03T15:14:18","modified_gmt":"2020-03-03T15:14:18","slug":"el-8-de-marzo-invitamos-a-las-cooperativas-a-marchar-juntas-por-la-igualdad-entre-generos","status":"publish","type":"post","link":"http:\/\/www.cudecoop.coop\/cudecoop\/el-8-de-marzo-invitamos-a-las-cooperativas-a-marchar-juntas-por-la-igualdad-entre-generos\/","title":{"rendered":"El 8 de marzo, invitamos a las cooperativas a marchar juntas por la igualdad entre g\u00e9neros"},"content":{"rendered":"<p>Este 8 de marzo, invitamos a las cooperativas a que marchemos juntas por la igualdad entre los g\u00e9neros.&nbsp;<\/p>\n<p>Las cooperativas somos organizaciones basadas en principios y valores solidarios, adem\u00e1s de ser empresas sostenibles y democr\u00e1ticas desde el origen. Unidas facilitamos la igualdad a las&nbsp;mujeres&nbsp;y&nbsp;ni\u00f1as&nbsp;en el acceso a la educaci\u00f3n, a la atenci\u00f3n m\u00e9dica, a un trabajo decente, y una representaci\u00f3n en los procesos de adopci\u00f3n de decisiones pol\u00edticas y econ\u00f3micas.&nbsp;<\/p>\n<p>Este 8 de marzo convocamos a las cooperativas de Montevideo a marchar desde la Casa del Cooperativismo. Nos concentraremos en Av. 18 de Julio 948 esquina Rio Branco a las 17h. Llevaremos nuestra pancarta del cooperativismo, con af\u00e1n de demostrar el esp\u00edritu de unidad del cooperativismo. Esto lo haremos todos los departamentos donde hayan mesas intercooperativas.&nbsp;<\/p>\n<p>&nbsp;<\/p>\n","protected":false},"excerpt":{"rendered":"<p>Este 8 de marzo, invitamos a las cooperativas a que marchemos juntas por la igualdad entre los g\u00e9neros.&nbsp; Las cooperativas somos organizaciones basadas en principios y valores solidarios, adem\u00e1s de ser empresas sostenibles y democr\u00e1ticas desde el origen. Unidas facilitamos la igualdad a las&nbsp;mujeres&nbsp;y&nbsp;ni\u00f1as&nbsp;en el acceso a la educaci\u00f3n, a la atenci\u00f3n m\u00e9dica, a un trabajo decente, y una representaci\u00f3n en los procesos de adopci\u00f3n de decisiones pol\u00edticas y econ\u00f3micas.&nbsp; Este 8 de marzo convocamos a las cooperativas de Montevideo a marchar desde la Casa del Cooperativismo. Nos concentraremos en Av. 18 de Julio 948 esquina Rio Branco a las [&#8230;]<\/p>\n","protected":false},"author":27,"featured_media":3130,"comment_status":"open","ping_status":"open","sticky":false,"template":"","format":"standard","meta":{"_acf_changed":false,"ngg_post_thumbnail":0,"footnotes":""},"categories":[7,6,1],"tags":[],"class_list":["post-3123","post","type-post","status-publish","format-standard","has-post-thumbnail","hentry","category-cooperativas","category-institucionales","category-noticias"],"acf":[],"_links":{"self":[{"href":"http:\/\/www.cudecoop.coop\/cudecoop\/wp-json\/wp\/v2\/posts\/3123","targetHints":{"allow":["GET"]}}],"collection":[{"href":"http:\/\/www.cudecoop.coop\/cudecoop\/wp-json\/wp\/v2\/posts"}],"about":[{"href":"http:\/\/www.cudecoop.coop\/cudecoop\/wp-json\/wp\/v2\/types\/post"}],"author":[{"embeddable":true,"href":"http:\/\/www.cudecoop.coop\/cudecoop\/wp-json\/wp\/v2\/users\/27"}],"replies":[{"embeddable":true,"href":"http:\/\/www.cudecoop.coop\/cudecoop\/wp-json\/wp\/v2\/comments?post=3123"}],"version-history":[{"count":2,"href":"http:\/\/www.cudecoop.coop\/cudecoop\/wp-json\/wp\/v2\/posts\/3123\/revisions"}],"predecessor-version":[{"id":3129,"href":"http:\/\/www.cudecoop.coop\/cudecoop\/wp-json\/wp\/v2\/posts\/3123\/revisions\/3129"}],"wp:featuredmedia":[{"embeddable":true,"href":"http:\/\/www.cudecoop.coop\/cudecoop\/wp-json\/wp\/v2\/media\/3130"}],"wp:attachment":[{"href":"http:\/\/www.cudecoop.coop\/cudecoop\/wp-json\/wp\/v2\/media?parent=3123"}],"wp:term":[{"taxonomy":"category","embeddable":true,"href":"http:\/\/www.cudecoop.coop\/cudecoop\/wp-json\/wp\/v2\/categories?post=3123"},{"taxonomy":"post_tag","embeddable":true,"href":"http:\/\/www.cudecoop.coop\/cudecoop\/wp-json\/wp\/v2\/tags?post=3123"}],"curies":[{"name":"wp","href":"https:\/\/api.w.org\/{rel}","templated":true}]}}