{"id":3118,"date":"2020-02-28T17:57:46","date_gmt":"2020-02-28T17:57:46","guid":{"rendered":"http:\/\/www.cudecoop.coop\/cudecoop\/?p=3118"},"modified":"2020-02-28T19:52:29","modified_gmt":"2020-02-28T19:52:29","slug":"avanza-el-acuerdo-de-cooperativas-de-las-americas-con-fao-y-cepal","status":"publish","type":"post","link":"http:\/\/www.cudecoop.coop\/cudecoop\/avanza-el-acuerdo-de-cooperativas-de-las-americas-con-fao-y-cepal\/","title":{"rendered":"Avanza el acuerdo de Cooperativas de las Am\u00e9ricas con FAO y CEPAL"},"content":{"rendered":"<p>En misi\u00f3n a Chile, los d\u00edas mi\u00e9rcoles 26 y jueves 27 de febrero, la Dra. Graciela Fern\u00e1ndez presidenta de Cooperativas de las Am\u00e9ricas, se reuni\u00f3 con altas autoridades de la Organizaci\u00f3n de las Naciones Unidas para la Alimentaci\u00f3n y la Agricultura (FAO Am\u00e9ricas) y de la Comisi\u00f3n Econ\u00f3mica para Am\u00e9rica Latina y el Caribe de las Naciones Unidas (CEPAL).<\/p>\n<p>Acompa\u00f1ada por el Director Regional de Cooperativas de las Am\u00e9ricas, Danilo Salerno, el Coordinador General de la Confederaci\u00f3n Uruguaya de Entidades Cooperativas, Gabriel Isola, y por el referente de la REAF para Uruguay, Lautaro Viscay, el mi\u00e9rcoles&nbsp;se llev\u00f3 a cabo la reuni\u00f3n, en este caso con el Representante Regional de FAO, Julio Berdegu\u00e9, junto a la Oficial de Asociaciones, Dulclair Sternadt y el Oficial de Pol\u00edticas en Desarrollo Territorial, Luiz Carlos Beduschi.&nbsp;<\/p>\n<p>Este encuentro tuvo como motivo profundizar en la agenda regional del acuerdo marco establecido entre ACI y FAO en 2018, y avanzar en un programa de trabajo conjunto para las Am\u00e9ricas. Berdegu\u00e9 sugiri\u00f3 la conformaci\u00f3n de un grupo de ministros de agricultura de la regi\u00f3n que busque afianzar y expandir el cooperativismo a trav\u00e9s del desarrollo tecnol\u00f3gico y la integraci\u00f3n comercial.&nbsp;<\/p>\n<p>El d\u00eda jueves 26, se llev\u00f3 a cabo en las instalaciones de la CEPAL, la reuni\u00f3n con el Secretario Adjunto de dicha organizaci\u00f3n, Mario Cimoli, y directores de \u00e1reas.&nbsp; En este encuentro se logr\u00f3 sentar las bases para un acuerdo de cooperaci\u00f3n rec\u00edproca entre Cooperativas de las Am\u00e9ricas y la CEPAL, ya que las organizaciones cuentan con varios objetivos comunes, y particularmente el papel que cumplen las cooperativas en la construcci\u00f3n de igualdad, y la importancia que ambas instituciones le dan a las pol\u00edticas activas para el desarrollo. El Secretario Adjunto para Am\u00e9rica Latina y el Caribe, realiz\u00f3 una gran valoraci\u00f3n del trabajo de las cooperativas en el Continente, y demostr\u00f3 entusiasmo en volver a colocar en la agenda de la CEPAL la tem\u00e1tica cooperativa.&nbsp;<\/p>\n<p>La visita del equipo junto a la Presidenta a las oficinas de la regional de FAO en Chile, sirvi\u00f3 para la realizaci\u00f3n de un taller para oficiales del organismo sobre el papel de las cooperativas en la regi\u00f3n con mirada en el desarrollo agrario y rural. En este espacio se busc\u00f3 dar a conocer el papel de las cooperativas en el desarrollo vinculado a los Objetivos para el Desarrollo Sostenible, al decenio de la Agricultura Familiar y al papel de Cooperativas de las Am\u00e9ricas en estos temas.&nbsp;<\/p>\n<p>&nbsp;<\/p>\n","protected":false},"excerpt":{"rendered":"<p>En misi\u00f3n a Chile, los d\u00edas mi\u00e9rcoles 26 y jueves 27 de febrero, la Dra. Graciela Fern\u00e1ndez presidenta de Cooperativas de las Am\u00e9ricas, se reuni\u00f3 con altas autoridades de la Organizaci\u00f3n de las Naciones Unidas para la Alimentaci\u00f3n y la Agricultura (FAO Am\u00e9ricas) y de la Comisi\u00f3n Econ\u00f3mica para Am\u00e9rica Latina y el Caribe de las Naciones Unidas (CEPAL). Acompa\u00f1ada por el Director Regional de Cooperativas de las Am\u00e9ricas, Danilo Salerno, el Coordinador General de la Confederaci\u00f3n Uruguaya de Entidades Cooperativas, Gabriel Isola, y por el referente de la REAF para Uruguay, Lautaro Viscay, el mi\u00e9rcoles&nbsp;se llev\u00f3 a cabo la [&#8230;]<\/p>\n","protected":false},"author":27,"featured_media":0,"comment_status":"open","ping_status":"open","sticky":false,"template":"","format":"standard","meta":{"_acf_changed":false,"ngg_post_thumbnail":0,"footnotes":""},"categories":[7,6,1],"tags":[],"class_list":["post-3118","post","type-post","status-publish","format-standard","hentry","category-cooperativas","category-institucionales","category-noticias"],"acf":[],"_links":{"self":[{"href":"http:\/\/www.cudecoop.coop\/cudecoop\/wp-json\/wp\/v2\/posts\/3118","targetHints":{"allow":["GET"]}}],"collection":[{"href":"http:\/\/www.cudecoop.coop\/cudecoop\/wp-json\/wp\/v2\/posts"}],"about":[{"href":"http:\/\/www.cudecoop.coop\/cudecoop\/wp-json\/wp\/v2\/types\/post"}],"author":[{"embeddable":true,"href":"http:\/\/www.cudecoop.coop\/cudecoop\/wp-json\/wp\/v2\/users\/27"}],"replies":[{"embeddable":true,"href":"http:\/\/www.cudecoop.coop\/cudecoop\/wp-json\/wp\/v2\/comments?post=3118"}],"version-history":[{"count":2,"href":"http:\/\/www.cudecoop.coop\/cudecoop\/wp-json\/wp\/v2\/posts\/3118\/revisions"}],"predecessor-version":[{"id":3121,"href":"http:\/\/www.cudecoop.coop\/cudecoop\/wp-json\/wp\/v2\/posts\/3118\/revisions\/3121"}],"wp:attachment":[{"href":"http:\/\/www.cudecoop.coop\/cudecoop\/wp-json\/wp\/v2\/media?parent=3118"}],"wp:term":[{"taxonomy":"category","embeddable":true,"href":"http:\/\/www.cudecoop.coop\/cudecoop\/wp-json\/wp\/v2\/categories?post=3118"},{"taxonomy":"post_tag","embeddable":true,"href":"http:\/\/www.cudecoop.coop\/cudecoop\/wp-json\/wp\/v2\/tags?post=3118"}],"curies":[{"name":"wp","href":"https:\/\/api.w.org\/{rel}","templated":true}]}}