{"id":3115,"date":"2020-02-21T19:52:35","date_gmt":"2020-02-21T19:52:35","guid":{"rendered":"http:\/\/www.cudecoop.coop\/cudecoop\/?p=3115"},"modified":"2020-02-21T19:52:35","modified_gmt":"2020-02-21T19:52:35","slug":"culmino-el-78-consejo-de-administracion-con-la-aprobacion-del-plan-estrategico-2020-2023","status":"publish","type":"post","link":"http:\/\/www.cudecoop.coop\/cudecoop\/culmino-el-78-consejo-de-administracion-con-la-aprobacion-del-plan-estrategico-2020-2023\/","title":{"rendered":"Culmin\u00f3 el 78 Consejo de Administraci\u00f3n con la aprobaci\u00f3n del Plan estrat\u00e9gico 2020 &#8211; 2023"},"content":{"rendered":"<p>El 78 Consejo de Administraci\u00f3n de Cooperativas de las Am\u00e9ricas llevado a cabo en Bogot\u00e1, Colombia, culmin\u00f3 su actividad hoy viernes 21 de febrero, con la aprobaci\u00f3n del Plan estrat\u00e9gico regional 2020 &#8211; 2023.<\/p>\n<p>Por Uruguay participaron Graciela Fern\u00e1ndez, Presidenta de Cooperativas de las Am\u00e9ricas, Lu\u00eds \u00c1lvez por CICOPA, y \u00c1ngeles Dati por el Comit\u00e9 de Equidad de G\u00e9nero Regional (CREG).<\/p>\n<p><em>Adem\u00e1s de participar en el Consejo de Administraci\u00f3n, los representantes de 23 pa\u00edses de Am\u00e9rica se reunieron para plantear alternativas a la crisis econ\u00f3mica del continente, a trav\u00e9s del cooperativismo. <\/em><\/p>\n<p>El discurso inaugural estuvo a cargo de Carlos Acero S\u00e1nchez, presidente de Confecoop, quien explic\u00f3 c\u00f3mo el cooperativismo es un asunto de todos y de inclusi\u00f3n en el mundo y c\u00f3mo el movimiento aborda diferentes dimensiones con el prop\u00f3sito de agrupar y de representar a distintos sectores como los j\u00f3venes, la equidad de g\u00e9nero, la inclusi\u00f3n financiera y la incidencia pol\u00edtica<\/p>\n<p>En el acto instalaci\u00f3n, tambi\u00e9n intervino Graciela Fern\u00e1ndez Quintas, presidenta de Cooperativas de las Am\u00e9ricas, quien destac\u00f3 c\u00f3mo en la conferencia mundial de Kigali-Ruanda, en 2019, se lograron avances significativos para el cooperativismo y c\u00f3mo a trav\u00e9s de las organizaciones aliadas se ha logrado visibilizar el trabajo del cooperativismo en Am\u00e9rica. Asegur\u00f3 que desde las organizaciones aliadas, Cooperativas de las Am\u00e9ricas ha logrado visibilizar el trabajo del cooperativismo en Am\u00e9rica y destac\u00f3 la coyuntura como un a\u00f1o decisivo para el sector cooperativo, donde invito a los asociados a re pensar y reflexionar sobre c\u00f3mo podemos realizar una integraci\u00f3n efectiva a nivel regional, c\u00f3mo estrechar lazos con gobiernos y organizaciones bilaterales y posicionar al sector como un un motor para el desarrollo social. Por \u00faltimo, hizo una invitaci\u00f3n a las cooperativas a no limitarse y a aprovechar los espacios de visibilizaci\u00f3n.<\/p>\n<p>Jorge Andr\u00e9s L\u00f3pez Bautista, presidente de la junta directiva de Confecoop, hizo la presentaci\u00f3n del cooperativismo colombiano a los dirigentes del cooperativismo continental, destacando la contribuci\u00f3n de las cooperativas en el \u00faltimo trimestre del a\u00f1o 2019 en el balance financiero.<\/p>\n<p>Martha Ruiz, asesora senior de proyectos del PNUD en Colombia, explic\u00f3 el desaf\u00edo de los Objetivos de Desarrollo Sostenible en el pa\u00eds y c\u00f3mo se conforman grupos para abordar ciertos segmentos de acuerdo a la convergencia de varios de los objetivos: combo personas, combo prosperidad, como planeta, combo paz y combo pactos.<\/p>\n<p>Camilo Herrera, presidente de la firma de investigaci\u00f3n y an\u00e1lisis de mercados Raddar, habl\u00f3 de las tendencias demogr\u00e1ficas y de consumo en Am\u00e9rica Latina y enfatiz\u00f3 sobre el rol de la econom\u00eda solidaria y el cooperativismo en estos escenarios. A\u00f1adi\u00f3 que el cooperativismo tiene la oportunidad de transformar sus servicios para suplir las necesidades de las nuevas generaciones seg\u00fan las redefiniciones de las nuevas tendencias de consumo en Am\u00e9rica Latina.<\/p>\n<p>&nbsp;<\/p>\n<p><strong>Encuentros sectoriales<\/strong><\/p>\n<p>El evento incluy\u00f3 cuatro encuentros sectoriales, realizados de manera simult\u00e1nea, co participaci\u00f3n de los delegados de los 23 pa\u00edses y de las 12 entidades cooperativas colombianas que hacen parte de Cooperativas de las Am\u00e9ricas.<\/p>\n<p><strong>Encuentro del Comit\u00e9 Financiero de Cooperativas de las Am\u00e9ricas \u2013 Cofia,<\/strong> sobre Inclusi\u00f3n Financiera, fue moderado por Alfredo Arana Velasco, presidente del Comit\u00e9 y del Grupo Cooperativo Coomeva. Mauricio Tovar, codirector del grupo de investigaci\u00f3n InTIColombia de la Universidad Nacional, intervino con una exposici\u00f3n sobre \u201cRevoluci\u00f3n Industrial, blockchain e inclusi\u00f3n financiera en Latinoam\u00e9rica\u201d, donde abord\u00f3 temas como el fen\u00f3meno del gota gota, que se ha convertido en una forma de esclavitud moderna para la cual los gobiernos de Am\u00e9rica Latina a\u00fan no est\u00e1n preparados.<\/p>\n<p><strong>La Mesa de di\u00e1logo sobre Incidencia Pol\u00edtica, <\/strong>moderada por Carlos Acero S\u00e1nchez, cont\u00f3 con&nbsp; la participaci\u00f3n de dirigentes de Cooperativas de las Am\u00e9ricas, Confecoop, Ascoop, Analfe, Fecolfin, Unidad Administrativa Especial de Organizaciones Solidarias, Superintendencia de la Econom\u00eda Solidaria y varios congresistas de Colombia. El Representante a la C\u00e1mara por Antioquia, Germ\u00e1n<\/p>\n<p>Blanco, hizo la introducci\u00f3n en el di\u00e1logo de incidencia pol\u00edtica, explicando la conformaci\u00f3n de la Bancada Parlamentaria Cooperativa en Colombia. En representaci\u00f3n del Gobierno Nacional, intervinieron el Superintendente de la Econom\u00eda Solidaria, Ricardo Lozano Pardo y el director de Organizaciones&nbsp; Solidarias, Rafael Antonio Gonz\u00e1lez. Por su parte, la presidenta de Cooperativas de las Am\u00e9ricas, Graciela Fern\u00e1ndez destac\u00f3 la dificultad y la complejidad de las relaciones entre el gremio cooperativo y las autoridades estatales y parlamentarias en gran parte de Am\u00e9rica. Y finalmente, Luis Carlos L\u00f3pez dirigente de Cooperar, Argentina, describi\u00f3 la exitosa experiencia de incidencia con el Parlamento argentino, a\u00fan con un gobierno hostil al cooperativismo.<\/p>\n<p><strong>&nbsp;<\/strong><strong>El Encuentro de Equidad de G\u00e9nero <\/strong>fue moderado por la coordinadora del Comit\u00e9 Regional de Equidad de G\u00e9nero, Xiomara N\u00fa\u00f1ez de C\u00e9spedes, y cont\u00f3 con las intervenciones de la directora de Ascoop y presidenta del Comit\u00e9 de Equidad de G\u00e9nero de la ACI, Mar\u00eda Eugenia P\u00e9rez Zea; Diana Parra, subsecretaria de Pol\u00edtica de Equidad de Bogot\u00e1, y Laura Londo\u00f1o experta en pol\u00edticas organizacionales para la Equidad de G\u00e9nero.<\/p>\n<p>Por un lado, Diana Parra present\u00f3 las metas que tiene la Alcald\u00eda de Bogot\u00e1 para disminuir la violencia de g\u00e9nero. Mar\u00eda Eugenia P\u00e9rez Zea, quien tambi\u00e9n es dirigente de Coomeva, habl\u00f3 sobre el trabajo que el Grupo realiza para sensibilizar al sector cooperativo sobre la importancia de las pol\u00edticas de&nbsp; equidad de g\u00e9nero y cont\u00f3 c\u00f3mo este trabajo ha hecho que la entidad haya recibido por varios a\u00f1os, el premio Equipares, que reconoce la inversi\u00f3n para el cierre de brechas en este tema. Por \u00faltimo, Laura Londo\u00f1o reconoci\u00f3 que el sector cooperativo latinoamericano ha transformado positivamente las pol\u00edticas&nbsp; de equidad de g\u00e9nero.<\/p>\n<p><strong>El Encuentro de Juventud <\/strong>estuvo moderado por Ang\u00e9lica Soberanes, coordinadora del Comit\u00e9 de Juventud de Cooperativas de las Am\u00e9ricas y cont\u00f3 con la participaci\u00f3n especial de Sergio Fern\u00e1ndez, subdirector para Juventud de la Secretar\u00eda de Integraci\u00f3n Social del Distrito; y con las panelistas Leidy Restrepo del Grupo Coomeva y Tatiana Pardo de la Universidad Cooperativa de Colombia.<\/p>\n<p>Dentro de los asuntos tratados se destacaron el papel protag\u00f3nico del sector cooperativo juvenil como una alternativa y soluci\u00f3n a la crisis econ\u00f3mica de Am\u00e9rica Latina. Se habl\u00f3&nbsp; sobre c\u00f3mo las cooperativas fortalecen las diferentes oportunidades y retos que tiene Colombia en materia de juventud y c\u00f3mo se pueden lograr avances significativos que beneficien a todos los ciudadanos; tambi\u00e9n se resaltaron avances de las acciones del Partenariado de la Alianza Cooperativa Internacional y la Comisi\u00f3n de la Uni\u00f3n Europea: \u201cLas cooperativas en el desarrollo: empresas centradas en las personas, en acci\u00f3n\u201dla articulaci\u00f3n que ha permitido con programas como Programa Global de Emprendimiento Cooperativo y los grandes logros del Global Youth Forum.&nbsp;<\/p>\n<p><strong>&nbsp;<\/strong><\/p>\n<p>&nbsp;<\/p>\n<p>&nbsp;<\/p>\n","protected":false},"excerpt":{"rendered":"<p>El 78 Consejo de Administraci\u00f3n de Cooperativas de las Am\u00e9ricas llevado a cabo en Bogot\u00e1, Colombia, culmin\u00f3 su actividad hoy viernes 21 de febrero, con la aprobaci\u00f3n del Plan estrat\u00e9gico regional 2020 &#8211; 2023. Por Uruguay participaron Graciela Fern\u00e1ndez, Presidenta de Cooperativas de las Am\u00e9ricas, Lu\u00eds \u00c1lvez por CICOPA, y \u00c1ngeles Dati por el Comit\u00e9 de Equidad de G\u00e9nero Regional (CREG). Adem\u00e1s de participar en el Consejo de Administraci\u00f3n, los representantes de 23 pa\u00edses de Am\u00e9rica se reunieron para plantear alternativas a la crisis econ\u00f3mica del continente, a trav\u00e9s del cooperativismo. El discurso inaugural estuvo a cargo de Carlos Acero [&#8230;]<\/p>\n","protected":false},"author":27,"featured_media":3116,"comment_status":"open","ping_status":"open","sticky":false,"template":"","format":"standard","meta":{"_acf_changed":false,"ngg_post_thumbnail":0,"footnotes":""},"categories":[7,6,1],"tags":[],"class_list":["post-3115","post","type-post","status-publish","format-standard","has-post-thumbnail","hentry","category-cooperativas","category-institucionales","category-noticias"],"acf":[],"_links":{"self":[{"href":"http:\/\/www.cudecoop.coop\/cudecoop\/wp-json\/wp\/v2\/posts\/3115","targetHints":{"allow":["GET"]}}],"collection":[{"href":"http:\/\/www.cudecoop.coop\/cudecoop\/wp-json\/wp\/v2\/posts"}],"about":[{"href":"http:\/\/www.cudecoop.coop\/cudecoop\/wp-json\/wp\/v2\/types\/post"}],"author":[{"embeddable":true,"href":"http:\/\/www.cudecoop.coop\/cudecoop\/wp-json\/wp\/v2\/users\/27"}],"replies":[{"embeddable":true,"href":"http:\/\/www.cudecoop.coop\/cudecoop\/wp-json\/wp\/v2\/comments?post=3115"}],"version-history":[{"count":1,"href":"http:\/\/www.cudecoop.coop\/cudecoop\/wp-json\/wp\/v2\/posts\/3115\/revisions"}],"predecessor-version":[{"id":3117,"href":"http:\/\/www.cudecoop.coop\/cudecoop\/wp-json\/wp\/v2\/posts\/3115\/revisions\/3117"}],"wp:featuredmedia":[{"embeddable":true,"href":"http:\/\/www.cudecoop.coop\/cudecoop\/wp-json\/wp\/v2\/media\/3116"}],"wp:attachment":[{"href":"http:\/\/www.cudecoop.coop\/cudecoop\/wp-json\/wp\/v2\/media?parent=3115"}],"wp:term":[{"taxonomy":"category","embeddable":true,"href":"http:\/\/www.cudecoop.coop\/cudecoop\/wp-json\/wp\/v2\/categories?post=3115"},{"taxonomy":"post_tag","embeddable":true,"href":"http:\/\/www.cudecoop.coop\/cudecoop\/wp-json\/wp\/v2\/tags?post=3115"}],"curies":[{"name":"wp","href":"https:\/\/api.w.org\/{rel}","templated":true}]}}