{"id":3111,"date":"2020-02-21T19:15:03","date_gmt":"2020-02-21T19:15:03","guid":{"rendered":"http:\/\/www.cudecoop.coop\/cudecoop\/?p=3111"},"modified":"2020-02-21T19:15:03","modified_gmt":"2020-02-21T19:15:03","slug":"cooperativas-de-vivienda-para-toda-america","status":"publish","type":"post","link":"http:\/\/www.cudecoop.coop\/cudecoop\/cooperativas-de-vivienda-para-toda-america\/","title":{"rendered":"Cooperativas de vivienda para toda Am\u00e9rica"},"content":{"rendered":"<p>En el marco del 78 Consejo de Administraci\u00f3n de Cooperativas de las Am\u00e9ricas, se aprob\u00f3 la declaraci\u00f3n enviada por la Red de Vivienda de Am\u00e9ricas, que propone fortalecer los mecanismos para impulsar el desarrollo del modelo en todos los pa\u00edses del Continente.<\/p>\n<p>La Red de Vivienda es un espacio sectorial de Cooperativas de las Am\u00e9ricas, que tuvo su primer actividad en la IV Cumbre Cooperativa de las Am\u00e9ricas realizada en Montevideo en 2016, y termin\u00f3 de conformarse en la V Cumbre realizada en Buenos Aires en 2018.<\/p>\n<p>FECOVI, FUCVAM y CCU asumiieron un papel de liderazgo del espacio, por tratarse de Uruguay un pa\u00eds ejemplo del desarrollo del modelo. El hecho de que el Consejo de Administraci\u00f3n haya aprobado la declaraci\u00f3n de manera un\u00e1nime, reconoce y demuestra la madurez del espacio.<\/p>\n<p>Adjuntamos la declaraci\u00f3n aprobada<\/p>\n<p><a href=\"http:\/\/www.cudecoop.coop\/cudecoop\/wp-content\/uploads\/2020\/02\/Declaraci\u00f3n-Red-de-Vivienda-Costa-Rica.pdf\">Declaraci\u00f3n Red de Vivienda Costa Rica<\/a><\/p>\n","protected":false},"excerpt":{"rendered":"<p>En el marco del 78 Consejo de Administraci\u00f3n de Cooperativas de las Am\u00e9ricas, se aprob\u00f3 la declaraci\u00f3n enviada por la Red de Vivienda de Am\u00e9ricas, que propone fortalecer los mecanismos para impulsar el desarrollo del modelo en todos los pa\u00edses del Continente. La Red de Vivienda es un espacio sectorial de Cooperativas de las Am\u00e9ricas, que tuvo su primer actividad en la IV Cumbre Cooperativa de las Am\u00e9ricas realizada en Montevideo en 2016, y termin\u00f3 de conformarse en la V Cumbre realizada en Buenos Aires en 2018. FECOVI, FUCVAM y CCU asumiieron un papel de liderazgo del espacio, por tratarse [&#8230;]<\/p>\n","protected":false},"author":27,"featured_media":3113,"comment_status":"open","ping_status":"open","sticky":false,"template":"","format":"standard","meta":{"_acf_changed":false,"ngg_post_thumbnail":0,"footnotes":""},"categories":[7,6,1],"tags":[],"class_list":["post-3111","post","type-post","status-publish","format-standard","has-post-thumbnail","hentry","category-cooperativas","category-institucionales","category-noticias"],"acf":[],"_links":{"self":[{"href":"http:\/\/www.cudecoop.coop\/cudecoop\/wp-json\/wp\/v2\/posts\/3111","targetHints":{"allow":["GET"]}}],"collection":[{"href":"http:\/\/www.cudecoop.coop\/cudecoop\/wp-json\/wp\/v2\/posts"}],"about":[{"href":"http:\/\/www.cudecoop.coop\/cudecoop\/wp-json\/wp\/v2\/types\/post"}],"author":[{"embeddable":true,"href":"http:\/\/www.cudecoop.coop\/cudecoop\/wp-json\/wp\/v2\/users\/27"}],"replies":[{"embeddable":true,"href":"http:\/\/www.cudecoop.coop\/cudecoop\/wp-json\/wp\/v2\/comments?post=3111"}],"version-history":[{"count":1,"href":"http:\/\/www.cudecoop.coop\/cudecoop\/wp-json\/wp\/v2\/posts\/3111\/revisions"}],"predecessor-version":[{"id":3114,"href":"http:\/\/www.cudecoop.coop\/cudecoop\/wp-json\/wp\/v2\/posts\/3111\/revisions\/3114"}],"wp:featuredmedia":[{"embeddable":true,"href":"http:\/\/www.cudecoop.coop\/cudecoop\/wp-json\/wp\/v2\/media\/3113"}],"wp:attachment":[{"href":"http:\/\/www.cudecoop.coop\/cudecoop\/wp-json\/wp\/v2\/media?parent=3111"}],"wp:term":[{"taxonomy":"category","embeddable":true,"href":"http:\/\/www.cudecoop.coop\/cudecoop\/wp-json\/wp\/v2\/categories?post=3111"},{"taxonomy":"post_tag","embeddable":true,"href":"http:\/\/www.cudecoop.coop\/cudecoop\/wp-json\/wp\/v2\/tags?post=3111"}],"curies":[{"name":"wp","href":"https:\/\/api.w.org\/{rel}","templated":true}]}}