{"id":3097,"date":"2020-02-06T15:45:34","date_gmt":"2020-02-06T15:45:34","guid":{"rendered":"http:\/\/www.cudecoop.coop\/cudecoop\/?p=3097"},"modified":"2020-02-06T20:46:29","modified_gmt":"2020-02-06T20:46:29","slug":"mieres-se-mostro-abierto-a-continuar-trabajando-en-las-lineas-trazadas-en-los-ultimos-anos-junto-al-cooperativismo","status":"publish","type":"post","link":"http:\/\/www.cudecoop.coop\/cudecoop\/mieres-se-mostro-abierto-a-continuar-trabajando-en-las-lineas-trazadas-en-los-ultimos-anos-junto-al-cooperativismo\/","title":{"rendered":"Mieres se mostr\u00f3 abierto a continuar trabajando en las l\u00edneas trazadas en los \u00faltimos a\u00f1os junto al cooperativismo"},"content":{"rendered":"<p>El mi\u00e9rcoles 5 de febrero se llev\u00f3 a cabo la primera reuni\u00f3n entre el nuevo gabinete de Trabajo y el movimiento cooperativo liderado por el Comit\u00e9 Ejecutivo de la Confederaci\u00f3n de Cooperativas (CUDECOOP) en la sede del gobierno electo para intercambiar sobre los asuntos que conciernen al cooperativismo nacional.<\/p>\n<p>Alicia Maneiro, Secretaria de CUDECOOP tras el intercambio con Pablo Mieres y Mario Arizti, inform\u00f3 sobre los aspectos tratados. Por un lado, las nuevas autoridades al Instituto Nacional del Cooperativismo (INACOOP) a\u00fan no se encuentran definidas, y destac\u00f3 la importancia consensuada sobre que quienes asuman dichos roles sean personas conocedoras del sector para que el di\u00e1logo sea fluido.<\/p>\n<p>Sobre los convenios de fortalecimiento gremial que la Confederaci\u00f3n tiene con el INACOOP, &nbsp;Mieres sostuvo que no ser\u00edan modificados hasta su vencimiento el 31 de mayo de 2020, y que se comenzar\u00eda a dialogar una vez asuman la gesti\u00f3n para la renovaci\u00f3n de los mismos, ya que estos convenios han significado una mayor solidez para las organizaciones gremiales cooperativas.<\/p>\n<p>Otro de los aspectos tratados en la reuni\u00f3n fue la participaci\u00f3n que la Confederaci\u00f3n tiene en &nbsp;Inacoop e Inefop, y la importancia de contar con el voto en INEFOP. Sobre esto Mieres destac\u00f3 que ser\u00e1 un estudio a realizarse en el largo plazo, que a\u00fan no pueden manifestarse sobre dicho aspecto.<\/p>\n<p>Sobre la Ley de Urgente Consideraci\u00f3n, CUDECOOP realiz\u00f3 sus observaciones sobre la importancia de mencionar a las cooperativas en el apartado sobre compras p\u00fablicas. Adem\u00e1s, cada integrante del Ejecutivo realiz\u00f3 observaciones pertinentes a cada sector que representan sus federaciones cooperativas: trabajo, vivienda, consumo, ahorro y cr\u00e9dito, y agrarias.<\/p>\n<p>Maneiro destac\u00f3 que se trata de un equipo de trabajo con conocimiento de cooperativismo y capaz de reconocer su importancia social y econ\u00f3mica del sector, ya que Arizti fue integrante del directorio de INACOOP en per\u00edodos anteriores y con Mieres se ha intercambiado en varias oportunidades. &nbsp;se mostr\u00f3 confiada en que se podr\u00e1 tener un di\u00e1logo fluido.<\/p>\n<p>Finalmente las nuevas autoridades electas aceptaron participar pr\u00f3ximamente de un desayuno de trabajo junto a las federaciones cooperativas.<\/p>\n\t<div class='ngg-imagebrowser default-view'\n\t\tid='ngg-imagebrowser-f743923dee6bc195bdb7ccec8e6e110d-3097'\n\t\tdata-nextgen-gallery-id=\"f743923dee6bc195bdb7ccec8e6e110d\">\n\n\t\t<h3>20200205_170227<\/h3>\n\n\t\t<div id=\"ngg-image-0\" class=\"pic\" \n\t\t\t\t\t>\n\t\t<a href='http:\/\/www.cudecoop.coop\/cudecoop\/wp-content\/gallery\/reunion-con-mieres\/20200205_170227.jpg'\n\t\t\ttitle=' '\n\t\t\tdata-src=\"http:\/\/www.cudecoop.coop\/cudecoop\/wp-content\/gallery\/reunion-con-mieres\/20200205_170227.jpg\"\n\t\t\tdata-thumbnail=\"http:\/\/www.cudecoop.coop\/cudecoop\/wp-content\/gallery\/reunion-con-mieres\/thumbs\/thumbs_20200205_170227.jpg\"\n\t\t\tdata-image-id=\"148\"\n\t\t\tdata-title=\"20200205_170227\"\n\t\t\tdata-description=\" \"\n\t\t\tclass=\"ngg-fancybox\" rel=\"f743923dee6bc195bdb7ccec8e6e110d\">\n\t\t\t<img title='20200205_170227'\n\t\t\t\talt='20200205_170227'\n\t\t\t\tsrc='http:\/\/www.cudecoop.coop\/cudecoop\/wp-content\/gallery\/reunion-con-mieres\/20200205_170227.jpg'\/>\n\t\t<\/a>\n\t\t\n\t\t<\/div>\n\t\t<div class='ngg-imagebrowser-nav'>\n\n\t\t\t<div class='back'>\n\t\t\t\t<a class='ngg-browser-prev'\n\t\t\t\t\tid='ngg-prev-152'\n\t\t\t\t\thref='http:\/\/www.cudecoop.coop\/cudecoop\/mieres-se-mostro-abierto-a-continuar-trabajando-en-las-lineas-trazadas-en-los-ultimos-anos-junto-al-cooperativismo\/nggallery\/image\/20200205_172525\/'>\n\t\t\t\t\t<i class=\"fa fa-chevron-left\" aria-hidden=\"true\"><\/i>\n\t\t\t\t<\/a>\n\t\t\t<\/div>\n\n\t\t\t<div class='next'>\n\t\t\t\t<a class='ngg-browser-next'\n\t\t\t\t\tid='ngg-next-149'\n\t\t\t\t\thref='http:\/\/www.cudecoop.coop\/cudecoop\/mieres-se-mostro-abierto-a-continuar-trabajando-en-las-lineas-trazadas-en-los-ultimos-anos-junto-al-cooperativismo\/nggallery\/image\/20200205_170316\/'>\n\t\t\t\t\t<i class=\"fa fa-chevron-right\" aria-hidden=\"true\"><\/i>\n\t\t\t\t<\/a>\n\t\t\t<\/div>\n\n\t\t\t<div class='counter'>\n\t\t\t\tImage\t\t\t\t1\t\t\t\tof\t\t\t\t5\t\t\t<\/div>\n\n\t\t\t<div class='ngg-imagebrowser-desc'>\n\t\t\t\t<p> <\/p>\n\t\t\t<\/div>\n\n\t\t<\/div>\n\t<\/div>\n\n","protected":false},"excerpt":{"rendered":"<p>El mi\u00e9rcoles 5 de febrero se llev\u00f3 a cabo la primera reuni\u00f3n entre el nuevo gabinete de Trabajo y el movimiento cooperativo liderado por el Comit\u00e9 Ejecutivo de la Confederaci\u00f3n de Cooperativas (CUDECOOP) en la sede del gobierno electo para intercambiar sobre los asuntos que conciernen al cooperativismo nacional. Alicia Maneiro, Secretaria de CUDECOOP tras el intercambio con Pablo Mieres y Mario Arizti, inform\u00f3 sobre los aspectos tratados. Por un lado, las nuevas autoridades al Instituto Nacional del Cooperativismo (INACOOP) a\u00fan no se encuentran definidas, y destac\u00f3 la importancia consensuada sobre que quienes asuman dichos roles sean personas conocedoras del [&#8230;]<\/p>\n","protected":false},"author":27,"featured_media":3101,"comment_status":"open","ping_status":"open","sticky":false,"template":"","format":"standard","meta":{"_acf_changed":false,"ngg_post_thumbnail":0,"footnotes":""},"categories":[7,6,1],"tags":[],"class_list":["post-3097","post","type-post","status-publish","format-standard","has-post-thumbnail","hentry","category-cooperativas","category-institucionales","category-noticias"],"acf":[],"_links":{"self":[{"href":"http:\/\/www.cudecoop.coop\/cudecoop\/wp-json\/wp\/v2\/posts\/3097","targetHints":{"allow":["GET"]}}],"collection":[{"href":"http:\/\/www.cudecoop.coop\/cudecoop\/wp-json\/wp\/v2\/posts"}],"about":[{"href":"http:\/\/www.cudecoop.coop\/cudecoop\/wp-json\/wp\/v2\/types\/post"}],"author":[{"embeddable":true,"href":"http:\/\/www.cudecoop.coop\/cudecoop\/wp-json\/wp\/v2\/users\/27"}],"replies":[{"embeddable":true,"href":"http:\/\/www.cudecoop.coop\/cudecoop\/wp-json\/wp\/v2\/comments?post=3097"}],"version-history":[{"count":3,"href":"http:\/\/www.cudecoop.coop\/cudecoop\/wp-json\/wp\/v2\/posts\/3097\/revisions"}],"predecessor-version":[{"id":3109,"href":"http:\/\/www.cudecoop.coop\/cudecoop\/wp-json\/wp\/v2\/posts\/3097\/revisions\/3109"}],"wp:featuredmedia":[{"embeddable":true,"href":"http:\/\/www.cudecoop.coop\/cudecoop\/wp-json\/wp\/v2\/media\/3101"}],"wp:attachment":[{"href":"http:\/\/www.cudecoop.coop\/cudecoop\/wp-json\/wp\/v2\/media?parent=3097"}],"wp:term":[{"taxonomy":"category","embeddable":true,"href":"http:\/\/www.cudecoop.coop\/cudecoop\/wp-json\/wp\/v2\/categories?post=3097"},{"taxonomy":"post_tag","embeddable":true,"href":"http:\/\/www.cudecoop.coop\/cudecoop\/wp-json\/wp\/v2\/tags?post=3097"}],"curies":[{"name":"wp","href":"https:\/\/api.w.org\/{rel}","templated":true}]}}