{"id":3084,"date":"2020-02-03T18:52:18","date_gmt":"2020-02-03T18:52:18","guid":{"rendered":"http:\/\/www.cudecoop.coop\/cudecoop\/?p=3084"},"modified":"2020-07-22T16:44:25","modified_gmt":"2020-07-22T16:44:25","slug":"inscripciones-abiertas-especializacion-en-gestion-cooperativa","status":"publish","type":"post","link":"http:\/\/www.cudecoop.coop\/cudecoop\/inscripciones-abiertas-especializacion-en-gestion-cooperativa\/","title":{"rendered":"Inscripciones abiertas &#8211;  Especializaci\u00f3n en gesti\u00f3n cooperativa"},"content":{"rendered":"<p><strong>Pr\u00f3ximo comienzo: lunes 30 de marzo de 2020<\/strong><\/p>\n<p>El curso tiene por finalidad generar en los participantes las competencias necesarias para la gesti\u00f3n integral de las cooperativas desde sus respectivos roles tanto institucionales como t\u00e9cnicos.<\/p>\n<p>Destinado a dirigentes de Cooperativas que cumplen roles institucionales y\/o t\u00e9cnicos en los Comit\u00e9s de Educaci\u00f3n, Fomento e Integraci\u00f3n Cooperativa.- Tambi\u00e9n est\u00e1 dirigido a profesionales y t\u00e9cnicos que trabajan vinculados al sector o que buscan hacerlo. Tanto para participantes de Uruguay como de otros pa\u00edses.<\/p>\n<p>En temas sociales y econ\u00f3micos, sobre bases sectoriales o territoriales, con especial \u00e9nfasis en el sector cooperativo y la econom\u00eda social.<\/p>\n<p>De car\u00e1cter t\u00e9cnico o de divulgaci\u00f3n, referidos a cooperativismo, econom\u00eda social, gesti\u00f3n grupal o empresarial, derecho cooperativo y tratamiento fiscal, a trav\u00e9s de ediciones propias en soporte papel y\/o electr\u00f3nico.<\/p>\n<p><a href=\"http:\/\/www.cudecoop.coop\/cudecoop\/educacion-cooperativa\/\">INSCRIPCIONES AQU\u00cd<\/a><\/p>\n<p>&nbsp;<\/p>\n","protected":false},"excerpt":{"rendered":"<p>Pr\u00f3ximo comienzo: lunes 30 de marzo de 2020 El curso tiene por finalidad generar en los participantes las competencias necesarias para la gesti\u00f3n integral de las cooperativas desde sus respectivos roles tanto institucionales como t\u00e9cnicos. Destinado a dirigentes de Cooperativas que cumplen roles institucionales y\/o t\u00e9cnicos en los Comit\u00e9s de Educaci\u00f3n, Fomento e Integraci\u00f3n Cooperativa.- Tambi\u00e9n est\u00e1 dirigido a profesionales y t\u00e9cnicos que trabajan vinculados al sector o que buscan hacerlo. Tanto para participantes de Uruguay como de otros pa\u00edses. En temas sociales y econ\u00f3micos, sobre bases sectoriales o territoriales, con especial \u00e9nfasis en el sector cooperativo y la econom\u00eda [&#8230;]<\/p>\n","protected":false},"author":27,"featured_media":3090,"comment_status":"open","ping_status":"open","sticky":false,"template":"","format":"standard","meta":{"_acf_changed":false,"ngg_post_thumbnail":0,"footnotes":""},"categories":[7,6,1],"tags":[],"class_list":["post-3084","post","type-post","status-publish","format-standard","has-post-thumbnail","hentry","category-cooperativas","category-institucionales","category-noticias"],"acf":[],"_links":{"self":[{"href":"http:\/\/www.cudecoop.coop\/cudecoop\/wp-json\/wp\/v2\/posts\/3084","targetHints":{"allow":["GET"]}}],"collection":[{"href":"http:\/\/www.cudecoop.coop\/cudecoop\/wp-json\/wp\/v2\/posts"}],"about":[{"href":"http:\/\/www.cudecoop.coop\/cudecoop\/wp-json\/wp\/v2\/types\/post"}],"author":[{"embeddable":true,"href":"http:\/\/www.cudecoop.coop\/cudecoop\/wp-json\/wp\/v2\/users\/27"}],"replies":[{"embeddable":true,"href":"http:\/\/www.cudecoop.coop\/cudecoop\/wp-json\/wp\/v2\/comments?post=3084"}],"version-history":[{"count":3,"href":"http:\/\/www.cudecoop.coop\/cudecoop\/wp-json\/wp\/v2\/posts\/3084\/revisions"}],"predecessor-version":[{"id":3095,"href":"http:\/\/www.cudecoop.coop\/cudecoop\/wp-json\/wp\/v2\/posts\/3084\/revisions\/3095"}],"wp:featuredmedia":[{"embeddable":true,"href":"http:\/\/www.cudecoop.coop\/cudecoop\/wp-json\/wp\/v2\/media\/3090"}],"wp:attachment":[{"href":"http:\/\/www.cudecoop.coop\/cudecoop\/wp-json\/wp\/v2\/media?parent=3084"}],"wp:term":[{"taxonomy":"category","embeddable":true,"href":"http:\/\/www.cudecoop.coop\/cudecoop\/wp-json\/wp\/v2\/categories?post=3084"},{"taxonomy":"post_tag","embeddable":true,"href":"http:\/\/www.cudecoop.coop\/cudecoop\/wp-json\/wp\/v2\/tags?post=3084"}],"curies":[{"name":"wp","href":"https:\/\/api.w.org\/{rel}","templated":true}]}}