{"id":3052,"date":"2020-01-22T19:42:11","date_gmt":"2020-01-22T19:42:11","guid":{"rendered":"http:\/\/www.cudecoop.coop\/cudecoop\/?p=3052"},"modified":"2020-01-22T19:42:21","modified_gmt":"2020-01-22T19:42:21","slug":"inacoop-presento-informe-sobre-gestion-2015-2019","status":"publish","type":"post","link":"http:\/\/www.cudecoop.coop\/cudecoop\/inacoop-presento-informe-sobre-gestion-2015-2019\/","title":{"rendered":"INACOOP present\u00f3 informe sobre gesti\u00f3n 2015-2019"},"content":{"rendered":"<p>El martes 21 de enero, INACOOP present\u00f3 su informe de gesti\u00f3n 2015-2019 y realiz\u00f3 la presentaci\u00f3n p\u00fablica de los nuevos directores sociales que asumen funciones en los directorios de Inacoop e Inefop.<\/p>\n<p>_____________________________________________________________________Dejamos aqu\u00ed el informe presentado:&nbsp;<a href=\"http:\/\/www.cudecoop.coop\/cudecoop\/wp-content\/uploads\/2020\/01\/presentaci\u00f3n-gestion-2015-2019.pdf\">Presentaci\u00f3n gestion 2015 2019<\/a><\/p>\n<p>&#8212;&#8212;&#8212;&#8212;&#8212;&#8212;&#8212;&#8212;&#8212;&#8212;&#8212;&#8212;&#8212;&#8212;&#8212;&#8212;&#8212;&#8212;&#8212;&#8212;&#8212;&#8212;&#8212;&#8212;&#8212;&#8212;&#8212;&#8212;&#8212;&#8212;&#8212;-<\/p>\n<p class=\"font_8\">*Gustavo Bernini, presidente del Instituto, destac\u00f3 el desarrollo de la pol\u00edtica p\u00fablica, los avances legislativos, la implementaci\u00f3n de la formaci\u00f3n y el fortalecimiento institucional en los 10 a\u00f1os de existencia de INACOOP.&nbsp;<\/p>\n<p class=\"font_8\">En este per\u00edodo, el n\u00famero de cooperativas ascendi\u00f3 a casi 4.000, seg\u00fan los \u00faltimos datos del Instituto. Adem\u00e1s, todo el universo de la econom\u00eda social ha demostrado un importante crecimiento. &nbsp;<\/p>\n<p class=\"font_8\">Bernini record\u00f3 que el 100% del aporte que realizan las cooperativas se reinvierte en programas de formaci\u00f3n y promoci\u00f3n.&nbsp;<\/p>\n<p class=\"font_8\">Coment\u00f3 que a trav\u00e9s del Fondo Rotatorio Especial&nbsp;se han otorgado cr\u00e9ditos a m\u00e1s de 300 cooperativas, que vinculan directamente m\u00e1s de 3.000 puestos de trabajo considerando todas las ramas de actividad (vivienda, consumo, ahorro y cr\u00e9dito, agrarias, trabajo, sociales) en casi todo el territorio.&nbsp;<\/p>\n<p class=\"font_8\">En este per\u00edodo, se ha gestionado el Fondo para el Desarrollo (FONDES-INACOOP), otorgando pr\u00e9stamos a 15 emprendimientos que han recibido asistencia t\u00e9cnica y cumplido de forma exitosa con los requisitos solicitados.<\/p>\n<p class=\"font_8\">Bernini, se refiri\u00f3 adem\u00e1s al movimiento cooperativo como el \u201cprincipal socio estrat\u00e9gico\u201d del Instituto, y destac\u00f3 el v\u00ednculo con el Estado a trav\u00e9s de distintos convenios y su presencia en el Sistema Nacional de Transformaci\u00f3n Productiva y Competitividad. &nbsp;<\/p>\n<p class=\"font_8\">Por otro lado, mencion\u00f3 la presencia territorial para el desarrollo del cooperativismo en todo el pa\u00eds, y destac\u00f3 las iniciativas que buscan promover procesos asociativos en el medio rural,&nbsp;en acuerdo con el Instituto Nacional de Colonizaci\u00f3n y el Ministerio de Ganader\u00eda, Agricultura y Pesca.&nbsp;<\/p>\n<p class=\"font_8\">Bernini se refiri\u00f3 tambi\u00e9n a las diferentes acciones realizadas en educaci\u00f3n que implican a m\u00e1s de 600 docentes y 200 estudiantes.<\/p>\n<p class=\"font_8\">El Programa de Formaci\u00f3n Cooperativa,&nbsp;PROCOOP (convenio con INEFOP y CUDECOOP), incluy\u00f3, en el per\u00edodo 2017-2019, a m\u00e1s de 400 cooperativa y m\u00e1s de 6.000 personas.&nbsp;<\/p>\n<p class=\"font_8\">Graciela Fern\u00e1ndez, presidenta de CUDECOOP, dio la bienvenida a Julio Valdez y Washington Collazo quienes asumieron como directores sociales en INACOOP.&nbsp;<\/p>\n<p class=\"font_8\">Por otro lado, Fernando Figueredo, director general alterno de INEFOP, salud\u00f3 a&nbsp;Alicia Maneiro quien asume funciones en el Directorio de este Instituto en representaci\u00f3n del sector de la econom\u00eda social.&nbsp;<\/p>\n<p class=\"font_8\">Para finalizar, el ministro de Trabajo y Seguridad Social, Ernesto Murro, destac\u00f3 los avances para el sector cooperativo en el corto per\u00edodo de los \u00faltimos diez a\u00f1os.&nbsp;<\/p>\n<p class=\"font_8\">Mencion\u00f3 el \u00e9xito de emprendimientos como el Molino Florida, Coleme, Molino Santa Rosa, Olmos, instalado en un parque industrial, y distintas cooperativas agrarias en varias zonas del pa\u00eds.&nbsp;<\/p>\n<p class=\"font_8\">Por otro lado, dijo que &#8220;tenemos confianza en las organizaciones sociales y en lo que ellas son capaces de hacer&#8221;, y que &#8220;Uruguay es uno de los pa\u00edses con mayor participaci\u00f3n social en la gesti\u00f3n p\u00fablica&#8221;, &#8220;en ello no podemos retroceder&#8221;.&nbsp;<\/p>\n<p class=\"font_8\">Las autoridades se refirieron a la&nbsp;reciente sanci\u00f3n de la Ley 19848 de Promoci\u00f3n de la Econom\u00eda Social y Solidaria, la cual marca un importante desaf\u00edo para el Instituto en el futuro.<\/p>\n<p class=\"font_8\">&nbsp;<\/p>\n<p>*Nota perteneciente a INACOOP (https:\/\/www.inacoop.org.uy\/single-post\/2020\/01\/22\/Importantes-avances-para-el-cooperativismo-y-la-econom%C3%ADa-social-en-los-%C3%BAltimos-cinco-a%C3%B1os)<\/p>\n<p>&nbsp;<\/p>\n","protected":false},"excerpt":{"rendered":"<p>El martes 21 de enero, INACOOP present\u00f3 su informe de gesti\u00f3n 2015-2019 y realiz\u00f3 la presentaci\u00f3n p\u00fablica de los nuevos directores sociales que asumen funciones en los directorios de Inacoop e Inefop. _____________________________________________________________________Dejamos aqu\u00ed el informe presentado:&nbsp;Presentaci\u00f3n gestion 2015 2019 &#8212;&#8212;&#8212;&#8212;&#8212;&#8212;&#8212;&#8212;&#8212;&#8212;&#8212;&#8212;&#8212;&#8212;&#8212;&#8212;&#8212;&#8212;&#8212;&#8212;&#8212;&#8212;&#8212;&#8212;&#8212;&#8212;&#8212;&#8212;&#8212;&#8212;&#8212;- *Gustavo Bernini, presidente del Instituto, destac\u00f3 el desarrollo de la pol\u00edtica p\u00fablica, los avances legislativos, la implementaci\u00f3n de la formaci\u00f3n y el fortalecimiento institucional en los 10 a\u00f1os de existencia de INACOOP.&nbsp; En este per\u00edodo, el n\u00famero de cooperativas ascendi\u00f3 a casi 4.000, seg\u00fan los \u00faltimos datos del Instituto. Adem\u00e1s, todo el universo de la econom\u00eda social ha demostrado [&#8230;]<\/p>\n","protected":false},"author":27,"featured_media":3054,"comment_status":"open","ping_status":"open","sticky":false,"template":"","format":"standard","meta":{"_acf_changed":false,"ngg_post_thumbnail":0,"footnotes":""},"categories":[7,6,1],"tags":[],"class_list":["post-3052","post","type-post","status-publish","format-standard","has-post-thumbnail","hentry","category-cooperativas","category-institucionales","category-noticias"],"acf":[],"_links":{"self":[{"href":"http:\/\/www.cudecoop.coop\/cudecoop\/wp-json\/wp\/v2\/posts\/3052","targetHints":{"allow":["GET"]}}],"collection":[{"href":"http:\/\/www.cudecoop.coop\/cudecoop\/wp-json\/wp\/v2\/posts"}],"about":[{"href":"http:\/\/www.cudecoop.coop\/cudecoop\/wp-json\/wp\/v2\/types\/post"}],"author":[{"embeddable":true,"href":"http:\/\/www.cudecoop.coop\/cudecoop\/wp-json\/wp\/v2\/users\/27"}],"replies":[{"embeddable":true,"href":"http:\/\/www.cudecoop.coop\/cudecoop\/wp-json\/wp\/v2\/comments?post=3052"}],"version-history":[{"count":2,"href":"http:\/\/www.cudecoop.coop\/cudecoop\/wp-json\/wp\/v2\/posts\/3052\/revisions"}],"predecessor-version":[{"id":3056,"href":"http:\/\/www.cudecoop.coop\/cudecoop\/wp-json\/wp\/v2\/posts\/3052\/revisions\/3056"}],"wp:featuredmedia":[{"embeddable":true,"href":"http:\/\/www.cudecoop.coop\/cudecoop\/wp-json\/wp\/v2\/media\/3054"}],"wp:attachment":[{"href":"http:\/\/www.cudecoop.coop\/cudecoop\/wp-json\/wp\/v2\/media?parent=3052"}],"wp:term":[{"taxonomy":"category","embeddable":true,"href":"http:\/\/www.cudecoop.coop\/cudecoop\/wp-json\/wp\/v2\/categories?post=3052"},{"taxonomy":"post_tag","embeddable":true,"href":"http:\/\/www.cudecoop.coop\/cudecoop\/wp-json\/wp\/v2\/tags?post=3052"}],"curies":[{"name":"wp","href":"https:\/\/api.w.org\/{rel}","templated":true}]}}