{"id":3041,"date":"2019-12-26T15:11:46","date_gmt":"2019-12-26T15:11:46","guid":{"rendered":"http:\/\/www.cudecoop.coop\/cudecoop\/?p=3041"},"modified":"2019-12-26T15:33:11","modified_gmt":"2019-12-26T15:33:11","slug":"acuerdo-de-cooperacion-cudecoop-unidad-de-economia-social-y-solidaria-im","status":"publish","type":"post","link":"http:\/\/www.cudecoop.coop\/cudecoop\/acuerdo-de-cooperacion-cudecoop-unidad-de-economia-social-y-solidaria-im\/","title":{"rendered":"Acuerdo de cooperaci\u00f3n CUDECOOP &#8211; UNIDAD DE ECONOM\u00cdA SOCIAL Y SOLIDARIA (IM)"},"content":{"rendered":"<p>Jueves 26 de diciembre de 2019<\/p>\n<p>Como parte del convenio de cooperaci\u00f3n entre la Unidad de Econom\u00eda Social y Solidaria de la&nbsp;Intendencia de Montevideo (ESYS -IM) y la Confederaci\u00f3n de Entidades Cooperativas del Uruguay (CUDECOOP), se realizaron en los meses de julio y agosto de 2019 una serie de&nbsp;capacitaciones en cooperativismo a casi 100 funcionarios y funcionarias de la Intendencia y sus&nbsp;Municipios.<\/p>\n<p>Posteriormente para dar continuidad al proceso de reflexi\u00f3n iniciado con los funcionarios, se&nbsp;realiz\u00f3 el 19 de noviembre en el Sal\u00f3n Dorado de la IM el Seminario \u201cCooperativismo y&nbsp;gobierno de Montevideo: herramientas para la complementaci\u00f3n\u201d. Adem\u00e1s de apostar a&nbsp;visualizar el valor del sector cooperativo, el Seminario se plante\u00f3 seguir brindando&nbsp;herramientas al funcionariado para orientar adecuadamente a las cooperativas con las que se<br \/>\nvinculan en los procesos de contrataci\u00f3n, as\u00ed como identificar oportunidades para las&nbsp;cooperativas dentro de las pol\u00edticas de la IM.<\/p>\n<p><img loading=\"lazy\" decoding=\"async\" class=\"alignnone size-medium wp-image-3044\" src=\"http:\/\/www.cudecoop.coop\/cudecoop\/wp-content\/uploads\/2019\/12\/foto3-300x225.png\" alt=\"\" width=\"300\" height=\"225\" srcset=\"http:\/\/www.cudecoop.coop\/cudecoop\/wp-content\/uploads\/2019\/12\/foto3-300x225.png 300w, http:\/\/www.cudecoop.coop\/cudecoop\/wp-content\/uploads\/2019\/12\/foto3-768x576.png 768w, http:\/\/www.cudecoop.coop\/cudecoop\/wp-content\/uploads\/2019\/12\/foto3-1024x768.png 1024w, http:\/\/www.cudecoop.coop\/cudecoop\/wp-content\/uploads\/2019\/12\/foto3-24x18.png 24w, http:\/\/www.cudecoop.coop\/cudecoop\/wp-content\/uploads\/2019\/12\/foto3-36x27.png 36w, http:\/\/www.cudecoop.coop\/cudecoop\/wp-content\/uploads\/2019\/12\/foto3-48x36.png 48w\" sizes=\"auto, (max-width: 300px) 100vw, 300px\" \/><\/p>\n<p>El compromiso asumido por el estado, y en particular por el gobierno departamental y municipal&nbsp;de Montevideo para el apoyo y fomento del cooperativismo, parte de su reconocimiento como&nbsp;un actor clave para el desarrollo econ\u00f3mico y social. El movimiento cooperativo aporta a una<br \/>\nm\u00e1s justa distribuci\u00f3n de la riqueza, atenuando inequidades sociales.<\/p>\n<p>En 2020 la apuesta de la Unidad de Econom\u00eda Social y Solidaria es consolidar una red de&nbsp;funcionarios y funcionarias promotores de cooperativismo. Esta Red tendr\u00e1 como objetivo&nbsp;facilitar el acceso a informaci\u00f3n vinculada a programas de apoyo cooperativo y servir\u00e1 de&nbsp;plataforma para seguir identificando posibilidades de complementaci\u00f3n entre el gobierno&nbsp;municipal y el sector.<\/p>\n<p><img loading=\"lazy\" decoding=\"async\" class=\"alignnone size-medium wp-image-3045\" src=\"http:\/\/www.cudecoop.coop\/cudecoop\/wp-content\/uploads\/2019\/12\/foto2-300x225.png\" alt=\"\" width=\"300\" height=\"225\" srcset=\"http:\/\/www.cudecoop.coop\/cudecoop\/wp-content\/uploads\/2019\/12\/foto2-300x225.png 300w, http:\/\/www.cudecoop.coop\/cudecoop\/wp-content\/uploads\/2019\/12\/foto2-768x576.png 768w, http:\/\/www.cudecoop.coop\/cudecoop\/wp-content\/uploads\/2019\/12\/foto2-1024x768.png 1024w, http:\/\/www.cudecoop.coop\/cudecoop\/wp-content\/uploads\/2019\/12\/foto2-24x18.png 24w, http:\/\/www.cudecoop.coop\/cudecoop\/wp-content\/uploads\/2019\/12\/foto2-36x27.png 36w, http:\/\/www.cudecoop.coop\/cudecoop\/wp-content\/uploads\/2019\/12\/foto2-48x36.png 48w\" sizes=\"auto, (max-width: 300px) 100vw, 300px\" \/><\/p>\n<p>Con el apoyo de CUDECOOP se continuar\u00e1 el proceso de capacitaci\u00f3n de funcionarias y&nbsp;funcionarias involucrados en la Red en temas m\u00e1s especializados, as\u00ed como se continuar\u00e1 con&nbsp;instancias de capacitaci\u00f3n b\u00e1sica para todo el funcionariado.&nbsp;<\/p>\n<p>A continuaci\u00f3n se adjunta material de apoyo compartido en las instancias de capacitaci\u00f3n:<\/p>\n<p>&nbsp;<\/p>\n<p><a href=\"http:\/\/www.cudecoop.coop\/cudecoop\/wp-content\/uploads\/2019\/12\/Material-de-apoyo-IM.pdf\">Material de apoyo IM<\/a><\/p>\n","protected":false},"excerpt":{"rendered":"<p>Jueves 26 de diciembre de 2019 Como parte del convenio de cooperaci\u00f3n entre la Unidad de Econom\u00eda Social y Solidaria de la&nbsp;Intendencia de Montevideo (ESYS -IM) y la Confederaci\u00f3n de Entidades Cooperativas del Uruguay (CUDECOOP), se realizaron en los meses de julio y agosto de 2019 una serie de&nbsp;capacitaciones en cooperativismo a casi 100 funcionarios y funcionarias de la Intendencia y sus&nbsp;Municipios. Posteriormente para dar continuidad al proceso de reflexi\u00f3n iniciado con los funcionarios, se&nbsp;realiz\u00f3 el 19 de noviembre en el Sal\u00f3n Dorado de la IM el Seminario \u201cCooperativismo y&nbsp;gobierno de Montevideo: herramientas para la complementaci\u00f3n\u201d. Adem\u00e1s de apostar a&nbsp;visualizar [&#8230;]<\/p>\n","protected":false},"author":27,"featured_media":3043,"comment_status":"open","ping_status":"open","sticky":false,"template":"","format":"standard","meta":{"_acf_changed":false,"ngg_post_thumbnail":0,"footnotes":""},"categories":[7,6,1],"tags":[],"class_list":["post-3041","post","type-post","status-publish","format-standard","has-post-thumbnail","hentry","category-cooperativas","category-institucionales","category-noticias"],"acf":[],"_links":{"self":[{"href":"http:\/\/www.cudecoop.coop\/cudecoop\/wp-json\/wp\/v2\/posts\/3041","targetHints":{"allow":["GET"]}}],"collection":[{"href":"http:\/\/www.cudecoop.coop\/cudecoop\/wp-json\/wp\/v2\/posts"}],"about":[{"href":"http:\/\/www.cudecoop.coop\/cudecoop\/wp-json\/wp\/v2\/types\/post"}],"author":[{"embeddable":true,"href":"http:\/\/www.cudecoop.coop\/cudecoop\/wp-json\/wp\/v2\/users\/27"}],"replies":[{"embeddable":true,"href":"http:\/\/www.cudecoop.coop\/cudecoop\/wp-json\/wp\/v2\/comments?post=3041"}],"version-history":[{"count":2,"href":"http:\/\/www.cudecoop.coop\/cudecoop\/wp-json\/wp\/v2\/posts\/3041\/revisions"}],"predecessor-version":[{"id":3047,"href":"http:\/\/www.cudecoop.coop\/cudecoop\/wp-json\/wp\/v2\/posts\/3041\/revisions\/3047"}],"wp:featuredmedia":[{"embeddable":true,"href":"http:\/\/www.cudecoop.coop\/cudecoop\/wp-json\/wp\/v2\/media\/3043"}],"wp:attachment":[{"href":"http:\/\/www.cudecoop.coop\/cudecoop\/wp-json\/wp\/v2\/media?parent=3041"}],"wp:term":[{"taxonomy":"category","embeddable":true,"href":"http:\/\/www.cudecoop.coop\/cudecoop\/wp-json\/wp\/v2\/categories?post=3041"},{"taxonomy":"post_tag","embeddable":true,"href":"http:\/\/www.cudecoop.coop\/cudecoop\/wp-json\/wp\/v2\/tags?post=3041"}],"curies":[{"name":"wp","href":"https:\/\/api.w.org\/{rel}","templated":true}]}}