{"id":3030,"date":"2019-12-12T15:08:43","date_gmt":"2019-12-12T15:08:43","guid":{"rendered":"http:\/\/www.cudecoop.coop\/cudecoop\/?p=3030"},"modified":"2019-12-12T15:08:43","modified_gmt":"2019-12-12T15:08:43","slug":"reconocimiento-a-la-confederacion-por-su-compromiso-con-los-derechos-humanos","status":"publish","type":"post","link":"http:\/\/www.cudecoop.coop\/cudecoop\/reconocimiento-a-la-confederacion-por-su-compromiso-con-los-derechos-humanos\/","title":{"rendered":"Reconocimiento a la Confederaci\u00f3n por su compromiso con los Derechos Humanos"},"content":{"rendered":"<p>El martes 10 de diciembre Cudecoop fue reconocida por la&nbsp;Secretar\u00eda de Derechos Humanos de Presidencia de la Rep\u00fablica&nbsp;como organizaci\u00f3n comprometida con los derechos humanos.<\/p>\n<p>Con motivo del&nbsp;Mes de los Derechos Humanos, la&nbsp;Secretar\u00eda de Derechos Humanos de Presidencia de la Rep\u00fablica, realiza distintas actividades propuestas a lo largo del mes . El&nbsp;10 de Diciembre,&nbsp;D\u00eda Internacional de los Derechos Humanos, se entregaron en la Zala Zitarrosa 22 reconocimientos a instituciones de la sociedad civil y al Consejo de la Discapacidad.<\/p>\n<p>La actividad estuvo acompa\u00f1ada por un&nbsp;espect\u00e1culo art\u00edstico, proyecci\u00f3n de cortos y&nbsp;una Feria de Derechos Humanos en el hall, donde instituciones p\u00fablicas vinculadas a la tem\u00e1tica exhibieron materiales<br \/>\nen stands.<\/p>\n<p>\u00a1Gran orgullo para nuestro movimiento cooperativo!<\/p>\n<p dir=\"ltr\">&nbsp;<\/p>\n","protected":false},"excerpt":{"rendered":"<p>El martes 10 de diciembre Cudecoop fue reconocida por la&nbsp;Secretar\u00eda de Derechos Humanos de Presidencia de la Rep\u00fablica&nbsp;como organizaci\u00f3n comprometida con los derechos humanos. Con motivo del&nbsp;Mes de los Derechos Humanos, la&nbsp;Secretar\u00eda de Derechos Humanos de Presidencia de la Rep\u00fablica, realiza distintas actividades propuestas a lo largo del mes . El&nbsp;10 de Diciembre,&nbsp;D\u00eda Internacional de los Derechos Humanos, se entregaron en la Zala Zitarrosa 22 reconocimientos a instituciones de la sociedad civil y al Consejo de la Discapacidad. La actividad estuvo acompa\u00f1ada por un&nbsp;espect\u00e1culo art\u00edstico, proyecci\u00f3n de cortos y&nbsp;una Feria de Derechos Humanos en el hall, donde instituciones p\u00fablicas vinculadas [&#8230;]<\/p>\n","protected":false},"author":27,"featured_media":3031,"comment_status":"open","ping_status":"open","sticky":false,"template":"","format":"standard","meta":{"_acf_changed":false,"ngg_post_thumbnail":0,"footnotes":""},"categories":[7,6,1],"tags":[],"class_list":["post-3030","post","type-post","status-publish","format-standard","has-post-thumbnail","hentry","category-cooperativas","category-institucionales","category-noticias"],"acf":[],"_links":{"self":[{"href":"http:\/\/www.cudecoop.coop\/cudecoop\/wp-json\/wp\/v2\/posts\/3030","targetHints":{"allow":["GET"]}}],"collection":[{"href":"http:\/\/www.cudecoop.coop\/cudecoop\/wp-json\/wp\/v2\/posts"}],"about":[{"href":"http:\/\/www.cudecoop.coop\/cudecoop\/wp-json\/wp\/v2\/types\/post"}],"author":[{"embeddable":true,"href":"http:\/\/www.cudecoop.coop\/cudecoop\/wp-json\/wp\/v2\/users\/27"}],"replies":[{"embeddable":true,"href":"http:\/\/www.cudecoop.coop\/cudecoop\/wp-json\/wp\/v2\/comments?post=3030"}],"version-history":[{"count":1,"href":"http:\/\/www.cudecoop.coop\/cudecoop\/wp-json\/wp\/v2\/posts\/3030\/revisions"}],"predecessor-version":[{"id":3032,"href":"http:\/\/www.cudecoop.coop\/cudecoop\/wp-json\/wp\/v2\/posts\/3030\/revisions\/3032"}],"wp:featuredmedia":[{"embeddable":true,"href":"http:\/\/www.cudecoop.coop\/cudecoop\/wp-json\/wp\/v2\/media\/3031"}],"wp:attachment":[{"href":"http:\/\/www.cudecoop.coop\/cudecoop\/wp-json\/wp\/v2\/media?parent=3030"}],"wp:term":[{"taxonomy":"category","embeddable":true,"href":"http:\/\/www.cudecoop.coop\/cudecoop\/wp-json\/wp\/v2\/categories?post=3030"},{"taxonomy":"post_tag","embeddable":true,"href":"http:\/\/www.cudecoop.coop\/cudecoop\/wp-json\/wp\/v2\/tags?post=3030"}],"curies":[{"name":"wp","href":"https:\/\/api.w.org\/{rel}","templated":true}]}}