{"id":3005,"date":"2019-12-10T21:14:16","date_gmt":"2019-12-10T21:14:16","guid":{"rendered":"http:\/\/www.cudecoop.coop\/cudecoop\/?p=3005"},"modified":"2019-12-10T21:14:16","modified_gmt":"2019-12-10T21:14:16","slug":"evento-de-evaluacion-del-procoop-2019","status":"publish","type":"post","link":"http:\/\/www.cudecoop.coop\/cudecoop\/evento-de-evaluacion-del-procoop-2019\/","title":{"rendered":"Evento de evaluaci\u00f3n del Procoop 2019"},"content":{"rendered":"<p>El martes 10 de diciembre se realiz\u00f3 una actividad de intercambio de experiencias y presentaci\u00f3n de resultados del Programa de Formaci\u00f3n Cooperativa &#8211; Procoop en la sede de INEFOP.<\/p>\n<p><span class=\"css-901oao css-16my406 r-1qd0xha r-ad9z0x r-bcqeeo r-qvutc0\">Participaron del encuentro el ministro de Trabajo y Seguridad Social<\/span><span class=\"css-901oao css-16my406 r-1qd0xha r-ad9z0x r-bcqeeo r-qvutc0\">, Ernesto Murro; el director general de INEFOP,&nbsp;<\/span><span style=\"font-size: 1rem;\">Eduardo Pereira; el presidente de INACOOP,&nbsp;<\/span><span style=\"font-size: 1rem;\">Gustavo Bernini y la presidenta de Cudecoop, Graciela Fern\u00e1ndez.&nbsp;<\/span><\/p>\n<div id=\"tweet-text\" class=\"css-901oao r-hkyrab r-1qd0xha r-a023e6 r-16dba41 r-ad9z0x r-bcqeeo r-bnwqim r-qvutc0\" dir=\"auto\" lang=\"es\"><span class=\"css-901oao css-16my406 r-1qd0xha r-ad9z0x r-bcqeeo r-qvutc0\">El director de Inefop felicit\u00f3 a los actores principales, al Instituto Nacional del Cooperativismo&nbsp;<\/span><span class=\"css-901oao css-16my406 r-1qd0xha r-ad9z0x r-bcqeeo r-qvutc0\">y las cooperativas en sus diversas modalidades, y destac\u00f3 que &#8220;las cosas se sostienen porque hay una buena aplicaci\u00f3n que defiende el producto y esto est\u00e1 muy bien defendido de todas las partes&#8221;.&nbsp;<\/span><\/div>\n<div dir=\"auto\" lang=\"es\">&nbsp;<\/div>\n<div dir=\"auto\" lang=\"es\"><span class=\"css-901oao css-16my406 r-1qd0xha r-ad9z0x r-bcqeeo r-qvutc0\">Gustavo Bernini&nbsp;<\/span><span class=\"css-901oao css-16my406 r-1qd0xha r-ad9z0x r-bcqeeo r-qvutc0\">reconoci\u00f3 los logros alcanzados e invit\u00f3 al movimiento cooperativo a continuar con el trabajo redoblando apuestas a futuro.<\/span><\/div>\n<div dir=\"auto\" lang=\"es\">&nbsp;<\/div>\n<div dir=\"auto\" lang=\"es\">Por su parte&nbsp;Graciela Fern\u00e1ndez se\u00f1al\u00f3 que &#8220;este proyecto realmente lo que ha hecho es traducir la necesidad del movimiento cooperativo nacional.&#8221; Aprovech\u00f3 tambi\u00e9n a agradecer p\u00fablicamente&nbsp;la gesti\u00f3n del Ministro Murro y destac\u00f3 &#8220;Nosotros quer\u00edamos tener voz y voto, y tener voz es poder mostrar. Celebramos pol\u00edticas p\u00fablicas que nos tuvieron en cuenta y nos escucharon&#8221;<\/div>\n<div dir=\"auto\" lang=\"es\">&nbsp;<\/div>\n<div dir=\"auto\" lang=\"es\">Al cierre de la Mesa de Apertura, el ministro Murro destac\u00f3 el trabajo realizado en este per\u00edodo e hizo hincapi\u00e9 en que nada de lo logrado es coincidencia. Reflexion\u00f3 sobre distintas experiencias cooperativas y adem\u00e1s reconoci\u00f3 a los productores rurales vinculados al cooperativismo.<\/div>\n<div dir=\"auto\" lang=\"es\">&nbsp;<\/div>\n<p>Se presentaron resultados del Procoop hasta el momento, este espacio estuvo a cargo de Agust\u00edn Guerra, t\u00e9cnico del \u00c1rea Empresas de INEFOP; Silvana Avondet, coordinadora del \u00c1rea de Desarrollo Cooperativo de Cudecoop y Cecilia Tenaglia, directora de promoci\u00f3n y formaci\u00f3n cooperativa de Inacoop.<\/p>\n<p>Entre 2017 y 2019, 406 cooperativas participaron del Procoop, de las cuales 190 reiteraron su solicitud. Las acciones realizadas fueron 451 y el n\u00famero de personas fue 6118, sobre las cuales se calcula una inversi\u00f3n de $12500 por cada una.<\/p>\n<p>Repasamos los convenios interinstitucionales en que ha contribuido el PROCOOP:<\/p>\n<p>MIEM-CUDECOOP-INACOOP (INCUBACOOP)<\/p>\n<p>MIDES\/Sistema de Cuidados<\/p>\n<p>MIDES\/Uruguay Clasifica<\/p>\n<p>MIDES\/Cooperativas Sociales<\/p>\n<p>UTE &#8211; INACOOP<\/p>\n<p>ASSE &#8211; INACOOP<\/p>\n<p>Intendencia de Montevideo<\/p>\n<p>Intendencia de Canelones<\/p>\n<p>Cooperativistas de distintas clases relataron sus experiencias beneficiadas por el&nbsp; Procoop hasta el momento, participaron:<br \/>\nCooperativa Artigas<br \/>\nCooperativa de viviendas por ahorro previo Ra\u00edces Nuevas<br \/>\nCooperativa agraria de productores Unidos de San Antonio<br \/>\nBookuy, emprendimiento cooperativo incubado en&nbsp;<span class=\"_5afx\"><span class=\"_58cm\">Incubacoop<\/span><\/span><span class=\"text_exposed_show\"><br \/>\nCooperativa Bancaria en representaci\u00f3n de Cooperativa de Previsi\u00f3n Social, Asociaci\u00f3n Cooperativa electoral, Salud P\u00fablica y Ancap.&nbsp;<\/span><\/p>\n<p>Dejamos aqu\u00ed la presentaci\u00f3n del equipo t\u00e9cnico:&nbsp;<\/p>\n<p><a href=\"http:\/\/www.cudecoop.coop\/cudecoop\/wp-content\/uploads\/2019\/12\/Procoop_Presentacio\u0301n-institucional_PPT2.pptx\">Procoop_Presentacio\u0301n institucional_PPT2<\/a><\/p>\n","protected":false},"excerpt":{"rendered":"<p>El martes 10 de diciembre se realiz\u00f3 una actividad de intercambio de experiencias y presentaci\u00f3n de resultados del Programa de Formaci\u00f3n Cooperativa &#8211; Procoop en la sede de INEFOP. Participaron del encuentro el ministro de Trabajo y Seguridad Social, Ernesto Murro; el director general de INEFOP,&nbsp;Eduardo Pereira; el presidente de INACOOP,&nbsp;Gustavo Bernini y la presidenta de Cudecoop, Graciela Fern\u00e1ndez.&nbsp; El director de Inefop felicit\u00f3 a los actores principales, al Instituto Nacional del Cooperativismo&nbsp;y las cooperativas en sus diversas modalidades, y destac\u00f3 que &#8220;las cosas se sostienen porque hay una buena aplicaci\u00f3n que defiende el producto y esto est\u00e1 muy bien [&#8230;]<\/p>\n","protected":false},"author":27,"featured_media":3017,"comment_status":"open","ping_status":"open","sticky":false,"template":"","format":"standard","meta":{"_acf_changed":false,"ngg_post_thumbnail":0,"footnotes":""},"categories":[7,6,1],"tags":[],"class_list":["post-3005","post","type-post","status-publish","format-standard","has-post-thumbnail","hentry","category-cooperativas","category-institucionales","category-noticias"],"acf":[],"_links":{"self":[{"href":"http:\/\/www.cudecoop.coop\/cudecoop\/wp-json\/wp\/v2\/posts\/3005","targetHints":{"allow":["GET"]}}],"collection":[{"href":"http:\/\/www.cudecoop.coop\/cudecoop\/wp-json\/wp\/v2\/posts"}],"about":[{"href":"http:\/\/www.cudecoop.coop\/cudecoop\/wp-json\/wp\/v2\/types\/post"}],"author":[{"embeddable":true,"href":"http:\/\/www.cudecoop.coop\/cudecoop\/wp-json\/wp\/v2\/users\/27"}],"replies":[{"embeddable":true,"href":"http:\/\/www.cudecoop.coop\/cudecoop\/wp-json\/wp\/v2\/comments?post=3005"}],"version-history":[{"count":3,"href":"http:\/\/www.cudecoop.coop\/cudecoop\/wp-json\/wp\/v2\/posts\/3005\/revisions"}],"predecessor-version":[{"id":3018,"href":"http:\/\/www.cudecoop.coop\/cudecoop\/wp-json\/wp\/v2\/posts\/3005\/revisions\/3018"}],"wp:featuredmedia":[{"embeddable":true,"href":"http:\/\/www.cudecoop.coop\/cudecoop\/wp-json\/wp\/v2\/media\/3017"}],"wp:attachment":[{"href":"http:\/\/www.cudecoop.coop\/cudecoop\/wp-json\/wp\/v2\/media?parent=3005"}],"wp:term":[{"taxonomy":"category","embeddable":true,"href":"http:\/\/www.cudecoop.coop\/cudecoop\/wp-json\/wp\/v2\/categories?post=3005"},{"taxonomy":"post_tag","embeddable":true,"href":"http:\/\/www.cudecoop.coop\/cudecoop\/wp-json\/wp\/v2\/tags?post=3005"}],"curies":[{"name":"wp","href":"https:\/\/api.w.org\/{rel}","templated":true}]}}