{"id":2999,"date":"2019-12-11T15:54:52","date_gmt":"2019-12-11T15:54:52","guid":{"rendered":"http:\/\/www.cudecoop.coop\/cudecoop\/?p=2999"},"modified":"2019-12-12T15:38:02","modified_gmt":"2019-12-12T15:38:02","slug":"a-la-confederacion-la-une-las-necesidades-del-movimiento-cooperativo-todo","status":"publish","type":"post","link":"http:\/\/www.cudecoop.coop\/cudecoop\/a-la-confederacion-la-une-las-necesidades-del-movimiento-cooperativo-todo\/","title":{"rendered":"&#8220;A la Confederaci\u00f3n la une las necesidades del movimiento cooperativo todo&#8221;"},"content":{"rendered":"<p>El jueves 5 de diciembre se realiz\u00f3 en instalaciones de Cacson el \u00faltimo Consejo Directivo del a\u00f1o de Cudecoop.<\/p>\n<p>En tal ocasi\u00f3n, la Presidenta de Cudecoop destac\u00f3 que a la Confederaci\u00f3n la une las necesidades del movimiento cooperativo, y que en la coyuntura el trabajo que se avecina es complejo, ya que se deben implantar las Propuestas program\u00e1ticas del cooperativismo en los nuevos gabinetes del Gobierno.<\/p>\n<p>Se\u00f1al\u00f3 que el cooperativismo debe continuar apelando a la intercooperaci\u00f3n,&nbsp; nuevas alianzas y a la confianza en el sistema.<\/p>\n<p>Por tratarse del fin de a\u00f1o, cada socia de Cudecoop en voz de su Presidente\/a realiz\u00f3 un an\u00e1lisis evaluativo y proyectivo de su sector para el a\u00f1o 2020.<\/p>\n<p>Adem\u00e1s se aprovech\u00f3 la ocasi\u00f3n para hacer un reconocimiento a quienes est\u00e1n este 2019 finalizando su per\u00edodo de representaci\u00f3n en los institutos Inacoop e Inefop: Pablo Perdomo y Juan Gervasio en Inacoop;&nbsp;Rosana Perdomo y Juan Carlos Canessa en Inefop.<\/p>\n<p>Dejamos aqu\u00ed las exposiciones de cada organizaci\u00f3n socia que expuso:<\/p>\n<p><a href=\"https:\/\/www.youtube.com\/watch?v=9DDmHJ2Fr-g&amp;list=PLVLakni8_BInIUcY288ClH-16_mk0Yl9m&amp;index=1\">Jos\u00e9 Tripodi &#8211; Federaci\u00f3n Uruguaya de Cooperativas de Consumo<\/a><\/p>\n<p><a href=\"https:\/\/www.youtube.com\/watch?v=F7daYr3hSNE&amp;list=PLVLakni8_BInIUcY288ClH-16_mk0Yl9m&amp;index=2\">Luis \u00c1lvez &#8211; Federaci\u00f3n de Cooperativas de Producci\u00f3n del Uruguay<\/a><\/p>\n<p><a href=\"https:\/\/www.youtube.com\/watch?v=TUt8B61BGAU&amp;list=PLVLakni8_BInIUcY288ClH-16_mk0Yl9m&amp;index=3\">Mario Buzzalino &#8211; Comisi\u00f3n Nacional de Fomento Rural<\/a><\/p>\n<p><a href=\"https:\/\/www.youtube.com\/watch?v=Uew0gpyBjJo&amp;list=PLVLakni8_BInIUcY288ClH-16_mk0Yl9m&amp;index=4\">Pablo Perdomo &#8211; Cooperativas Agrarias Federadas<\/a><\/p>\n<p><a href=\"https:\/\/www.youtube.com\/watch?v=97E1kRdHsUg&amp;list=PLVLakni8_BInIUcY288ClH-16_mk0Yl9m&amp;index=5\">Walter Ocampo &#8211; Surco Seguros<\/a><\/p>\n<p><a href=\"https:\/\/www.youtube.com\/watch?v=8OynpkY3oco&amp;list=PLVLakni8_BInIUcY288ClH-16_mk0Yl9m&amp;index=6\">Freddy Rondan &#8211; Confiar<\/a><\/p>\n<p><a href=\"https:\/\/www.youtube.com\/watch?v=9LUEYdIyxdk&amp;list=PLVLakni8_BInIUcY288ClH-16_mk0Yl9m&amp;index=7\">Daniel Avondet &#8211; Cofac<\/a><\/p>\n<p><a href=\"https:\/\/www.youtube.com\/watch?v=M18vGxUY4s8&amp;list=PLVLakni8_BInIUcY288ClH-16_mk0Yl9m&amp;index=8\">Carlos D\u00edaz Cora &#8211; Fucerep<\/a><\/p>\n<p><a href=\"https:\/\/www.youtube.com\/watch?v=qLImGXNzX4U&amp;list=PLVLakni8_BInIUcY288ClH-16_mk0Yl9m&amp;index=9\">Germ\u00e1n Gorga &#8211; Cucacc<\/a><\/p>\n<p><a href=\"https:\/\/www.youtube.com\/watch?v=oQj_pbyJX7A&amp;list=PLVLakni8_BInIUcY288ClH-16_mk0Yl9m&amp;index=10\">Jos\u00e9 Claramount &#8211; Fucac<\/a><\/p>\n<p><a href=\"https:\/\/www.youtube.com\/watch?v=GieXVc55khQ&amp;list=PLVLakni8_BInIUcY288ClH-16_mk0Yl9m&amp;index=11\">Alejando Casaretto &#8211; Acac<\/a><\/p>\n<p><a href=\"https:\/\/www.youtube.com\/watch?v=2liW9rtZEQs&amp;list=PLVLakni8_BInIUcY288ClH-16_mk0Yl9m&amp;index=12\">Alberto Estevez &#8211;&nbsp; Federaci\u00f3n de Cooperativas de Vivienda por Ahorro Previo&nbsp;<\/a><\/p>\n<p><a href=\"https:\/\/www.youtube.com\/watch?v=DOHbIQvHNoc&amp;list=PLVLakni8_BInIUcY288ClH-16_mk0Yl9m&amp;index=13\">Sergio Segredo &#8211; Federaci\u00f3n de Cooperativas de Vivienda por Ayuda Mutua<\/a><\/p>\n","protected":false},"excerpt":{"rendered":"<p>El jueves 5 de diciembre se realiz\u00f3 en instalaciones de Cacson el \u00faltimo Consejo Directivo del a\u00f1o de Cudecoop. En tal ocasi\u00f3n, la Presidenta de Cudecoop destac\u00f3 que a la Confederaci\u00f3n la une las necesidades del movimiento cooperativo, y que en la coyuntura el trabajo que se avecina es complejo, ya que se deben implantar las Propuestas program\u00e1ticas del cooperativismo en los nuevos gabinetes del Gobierno. Se\u00f1al\u00f3 que el cooperativismo debe continuar apelando a la intercooperaci\u00f3n,&nbsp; nuevas alianzas y a la confianza en el sistema. Por tratarse del fin de a\u00f1o, cada socia de Cudecoop en voz de su Presidente\/a [&#8230;]<\/p>\n","protected":false},"author":27,"featured_media":3033,"comment_status":"open","ping_status":"open","sticky":false,"template":"","format":"standard","meta":{"_acf_changed":false,"ngg_post_thumbnail":0,"footnotes":""},"categories":[7,6,1],"tags":[],"class_list":["post-2999","post","type-post","status-publish","format-standard","has-post-thumbnail","hentry","category-cooperativas","category-institucionales","category-noticias"],"acf":[],"_links":{"self":[{"href":"http:\/\/www.cudecoop.coop\/cudecoop\/wp-json\/wp\/v2\/posts\/2999","targetHints":{"allow":["GET"]}}],"collection":[{"href":"http:\/\/www.cudecoop.coop\/cudecoop\/wp-json\/wp\/v2\/posts"}],"about":[{"href":"http:\/\/www.cudecoop.coop\/cudecoop\/wp-json\/wp\/v2\/types\/post"}],"author":[{"embeddable":true,"href":"http:\/\/www.cudecoop.coop\/cudecoop\/wp-json\/wp\/v2\/users\/27"}],"replies":[{"embeddable":true,"href":"http:\/\/www.cudecoop.coop\/cudecoop\/wp-json\/wp\/v2\/comments?post=2999"}],"version-history":[{"count":6,"href":"http:\/\/www.cudecoop.coop\/cudecoop\/wp-json\/wp\/v2\/posts\/2999\/revisions"}],"predecessor-version":[{"id":3028,"href":"http:\/\/www.cudecoop.coop\/cudecoop\/wp-json\/wp\/v2\/posts\/2999\/revisions\/3028"}],"wp:featuredmedia":[{"embeddable":true,"href":"http:\/\/www.cudecoop.coop\/cudecoop\/wp-json\/wp\/v2\/media\/3033"}],"wp:attachment":[{"href":"http:\/\/www.cudecoop.coop\/cudecoop\/wp-json\/wp\/v2\/media?parent=2999"}],"wp:term":[{"taxonomy":"category","embeddable":true,"href":"http:\/\/www.cudecoop.coop\/cudecoop\/wp-json\/wp\/v2\/categories?post=2999"},{"taxonomy":"post_tag","embeddable":true,"href":"http:\/\/www.cudecoop.coop\/cudecoop\/wp-json\/wp\/v2\/tags?post=2999"}],"curies":[{"name":"wp","href":"https:\/\/api.w.org\/{rel}","templated":true}]}}