{"id":2986,"date":"2019-11-25T19:58:05","date_gmt":"2019-11-25T19:58:05","guid":{"rendered":"http:\/\/www.cudecoop.coop\/cudecoop\/?p=2986"},"modified":"2019-11-25T19:59:36","modified_gmt":"2019-11-25T19:59:36","slug":"25-de-noviembre-dia-para-la-reflexion","status":"publish","type":"post","link":"http:\/\/www.cudecoop.coop\/cudecoop\/25-de-noviembre-dia-para-la-reflexion\/","title":{"rendered":"25 de noviembre, d\u00eda para la reflexi\u00f3n"},"content":{"rendered":"<p>25 de noviembre, d\u00eda para la reflexi\u00f3n<\/p>\n<p>En el d\u00eda internacional de la eliminaci\u00f3n de la violencia contra la mujer, la Comisi\u00f3n de G\u00e9nero de Cudecoop reafirma su compromiso en continuar fortaleciendo a las mujeres cooperativistas.&nbsp;<\/p>\n<p>Es en esa linea que se reafirma el compromiso con la Alianza contra la violencia de g\u00e9nero para que sea una realidad.&nbsp;<\/p>\n<p>Este 25 de noviembre lo proponemos como una d\u00eda para la reflexi\u00f3n.<\/p>\n","protected":false},"excerpt":{"rendered":"<p>25 de noviembre, d\u00eda para la reflexi\u00f3n En el d\u00eda internacional de la eliminaci\u00f3n de la violencia contra la mujer, la Comisi\u00f3n de G\u00e9nero de Cudecoop reafirma su compromiso en continuar fortaleciendo a las mujeres cooperativistas.&nbsp; Es en esa linea que se reafirma el compromiso con la Alianza contra la violencia de g\u00e9nero para que sea una realidad.&nbsp; Este 25 de noviembre lo proponemos como una d\u00eda para la [&#8230;]<\/p>\n","protected":false},"author":27,"featured_media":2966,"comment_status":"open","ping_status":"open","sticky":false,"template":"","format":"standard","meta":{"_acf_changed":false,"ngg_post_thumbnail":0,"footnotes":""},"categories":[7,6,1],"tags":[],"class_list":["post-2986","post","type-post","status-publish","format-standard","has-post-thumbnail","hentry","category-cooperativas","category-institucionales","category-noticias"],"acf":[],"_links":{"self":[{"href":"http:\/\/www.cudecoop.coop\/cudecoop\/wp-json\/wp\/v2\/posts\/2986","targetHints":{"allow":["GET"]}}],"collection":[{"href":"http:\/\/www.cudecoop.coop\/cudecoop\/wp-json\/wp\/v2\/posts"}],"about":[{"href":"http:\/\/www.cudecoop.coop\/cudecoop\/wp-json\/wp\/v2\/types\/post"}],"author":[{"embeddable":true,"href":"http:\/\/www.cudecoop.coop\/cudecoop\/wp-json\/wp\/v2\/users\/27"}],"replies":[{"embeddable":true,"href":"http:\/\/www.cudecoop.coop\/cudecoop\/wp-json\/wp\/v2\/comments?post=2986"}],"version-history":[{"count":1,"href":"http:\/\/www.cudecoop.coop\/cudecoop\/wp-json\/wp\/v2\/posts\/2986\/revisions"}],"predecessor-version":[{"id":2987,"href":"http:\/\/www.cudecoop.coop\/cudecoop\/wp-json\/wp\/v2\/posts\/2986\/revisions\/2987"}],"wp:featuredmedia":[{"embeddable":true,"href":"http:\/\/www.cudecoop.coop\/cudecoop\/wp-json\/wp\/v2\/media\/2966"}],"wp:attachment":[{"href":"http:\/\/www.cudecoop.coop\/cudecoop\/wp-json\/wp\/v2\/media?parent=2986"}],"wp:term":[{"taxonomy":"category","embeddable":true,"href":"http:\/\/www.cudecoop.coop\/cudecoop\/wp-json\/wp\/v2\/categories?post=2986"},{"taxonomy":"post_tag","embeddable":true,"href":"http:\/\/www.cudecoop.coop\/cudecoop\/wp-json\/wp\/v2\/tags?post=2986"}],"curies":[{"name":"wp","href":"https:\/\/api.w.org\/{rel}","templated":true}]}}