{"id":2982,"date":"2019-11-25T17:27:03","date_gmt":"2019-11-25T17:27:03","guid":{"rendered":"http:\/\/www.cudecoop.coop\/cudecoop\/?p=2982"},"modified":"2022-07-19T19:22:13","modified_gmt":"2022-07-19T19:22:13","slug":"conclusiones-y-delegacion-uruguaya-en-la-xxi-conferencia-regional-de-cooperativas-de-las-americas","status":"publish","type":"post","link":"http:\/\/www.cudecoop.coop\/cudecoop\/conclusiones-y-delegacion-uruguaya-en-la-xxi-conferencia-regional-de-cooperativas-de-las-americas\/","title":{"rendered":"Conclusiones y delegaci\u00f3n uruguaya en la XXI Conferencia Regional de Cooperativas de las Am\u00e9ricas"},"content":{"rendered":"<p>Del 18 al 20 de noviembre se celebr\u00f3 en Costa Rica, la XXI Conferencia Regional de Cooperativas de las Am\u00e9ricas. Los d\u00edas 21 y 22 se celebr\u00f3 el Congreso de Derecho Cooperativo. Participaron por Uruguay representantes de todas las clases cooperativas, varias federaciones y cooperativas de base.&nbsp;<\/p>\n<p>Nuestra delegaci\u00f3n estuvo presente en todos los espacios del Congreso participando activamente en talleres y redes tem\u00e1ticas.&nbsp;<\/p>\n<p><a href=\"https:\/\/www.youtube.com\/watch?v=JmxOr2DT18g&amp;list=PLVLakni8_BIliAJ4zilhRyBWMwf4tIAE4\">Ver aqu\u00ed algunos videos testimoniales<\/a><\/p>\n<p>&nbsp;<\/p>\n<p>Dejamos aqu\u00ed las conclusiones de la XXI Conferencia:&nbsp;&nbsp;<a href=\"http:\/\/www.cudecoop.coop\/cudecoop\/wp-content\/uploads\/2019\/11\/CONCLUSIONES_XXI_ConferenciaRegional_CooperativasAmericas.pdf\">CONCLUSIONES_XXI_Conferencia Regional_Cooperativas Am\u00e9ricas<\/a><\/p>\n","protected":false},"excerpt":{"rendered":"<p>Del 18 al 20 de noviembre se celebr\u00f3 en Costa Rica, la XXI Conferencia Regional de Cooperativas de las Am\u00e9ricas. Los d\u00edas 21 y 22 se celebr\u00f3 el Congreso de Derecho Cooperativo. Participaron por Uruguay representantes de todas las clases cooperativas, varias federaciones y cooperativas de base.&nbsp; Nuestra delegaci\u00f3n estuvo presente en todos los espacios del Congreso participando activamente en talleres y redes tem\u00e1ticas.&nbsp; Ver aqu\u00ed algunos videos testimoniales &nbsp; Dejamos aqu\u00ed las conclusiones de la XXI Conferencia:&nbsp;&nbsp;CONCLUSIONES_XXI_Conferencia Regional_Cooperativas [&#8230;]<\/p>\n","protected":false},"author":27,"featured_media":2984,"comment_status":"open","ping_status":"open","sticky":false,"template":"","format":"standard","meta":{"_acf_changed":false,"ngg_post_thumbnail":0,"footnotes":""},"categories":[7,6,1],"tags":[],"class_list":["post-2982","post","type-post","status-publish","format-standard","has-post-thumbnail","hentry","category-cooperativas","category-institucionales","category-noticias"],"acf":[],"_links":{"self":[{"href":"http:\/\/www.cudecoop.coop\/cudecoop\/wp-json\/wp\/v2\/posts\/2982","targetHints":{"allow":["GET"]}}],"collection":[{"href":"http:\/\/www.cudecoop.coop\/cudecoop\/wp-json\/wp\/v2\/posts"}],"about":[{"href":"http:\/\/www.cudecoop.coop\/cudecoop\/wp-json\/wp\/v2\/types\/post"}],"author":[{"embeddable":true,"href":"http:\/\/www.cudecoop.coop\/cudecoop\/wp-json\/wp\/v2\/users\/27"}],"replies":[{"embeddable":true,"href":"http:\/\/www.cudecoop.coop\/cudecoop\/wp-json\/wp\/v2\/comments?post=2982"}],"version-history":[{"count":1,"href":"http:\/\/www.cudecoop.coop\/cudecoop\/wp-json\/wp\/v2\/posts\/2982\/revisions"}],"predecessor-version":[{"id":2985,"href":"http:\/\/www.cudecoop.coop\/cudecoop\/wp-json\/wp\/v2\/posts\/2982\/revisions\/2985"}],"wp:featuredmedia":[{"embeddable":true,"href":"http:\/\/www.cudecoop.coop\/cudecoop\/wp-json\/wp\/v2\/media\/2984"}],"wp:attachment":[{"href":"http:\/\/www.cudecoop.coop\/cudecoop\/wp-json\/wp\/v2\/media?parent=2982"}],"wp:term":[{"taxonomy":"category","embeddable":true,"href":"http:\/\/www.cudecoop.coop\/cudecoop\/wp-json\/wp\/v2\/categories?post=2982"},{"taxonomy":"post_tag","embeddable":true,"href":"http:\/\/www.cudecoop.coop\/cudecoop\/wp-json\/wp\/v2\/tags?post=2982"}],"curies":[{"name":"wp","href":"https:\/\/api.w.org\/{rel}","templated":true}]}}