{"id":2978,"date":"2019-11-22T19:51:38","date_gmt":"2019-11-22T19:51:38","guid":{"rendered":"http:\/\/www.cudecoop.coop\/cudecoop\/?p=2978"},"modified":"2019-11-22T19:52:31","modified_gmt":"2019-11-22T19:52:31","slug":"no-podemos-explicar-el-desarrollo-de-costa-rica-sin-el-cooperativismo","status":"publish","type":"post","link":"http:\/\/www.cudecoop.coop\/cudecoop\/no-podemos-explicar-el-desarrollo-de-costa-rica-sin-el-cooperativismo\/","title":{"rendered":"No podemos explicar el desarrollo de Costa Rica sin el cooperativismo"},"content":{"rendered":"<p>En el marco de la semana de la XXI Conferencia Regional de Cooperativas de las Am\u00e9ricas,<br \/>\nnuestra Presidencia Graciela Fern\u00e1ndez mantuvo una reuni\u00f3n con el m\u00e1ximo mandatario del<br \/>\npa\u00eds organizador del evento, Carlos Alvarado, junto a Marvin Rodr\u00edguez Cordero,<br \/>\nVicepresidente de Costa Rica, y a Fernando Faith Bonilla, Consejero de Cooperativas de las<br \/>\nAm\u00e9ricas por Costa Rica.<br \/>\nGraciela Fern\u00e1ndez agradeci\u00f3 la responsabilidad que asumi\u00f3 el Gobierno en cuanto a la<br \/>\nparticipaci\u00f3n de la XXI Conferencia, siendo que participaron de la misma su Vicepresidente,<br \/>\nMarvin Rodr\u00edguez Cordero; presidente de la Corte Suprema, Fernando Cruz Castro; ministra de<br \/>\nTrabajo, Geannina Dinarte; ministro de Ambiente, Carlos Manuel Rodr\u00edguez; ministra de<br \/>\nEconom\u00eda, Victoria Hern\u00e1ndez Mora. Adem\u00e1s estuvieron presentes legisladores, Infocoop,<br \/>\nConacoop, y Conecoop. En sus participaciones se evidenci\u00f3 conocimiento sobre el campo del<br \/>\ncooperativismo y la econom\u00eda social hablando con el idioma e identidad cooperativa, lo cual<br \/>\ndeja muy conforme a la organizaci\u00f3n del cooperativismo de las Am\u00e9ricas.<br \/>\nLa Presidenta destac\u00f3 el rol fundamental que tuvo el pa\u00eds en apoyo al movimiento cooperativo<br \/>\ninternacional de la ACI en el Entendimiento de la OIT del Centenario, diciendo que \u201cla<br \/>\nintervenci\u00f3n de Costa Rica fue clave para que la palabra cooperativismo apareciera en el<br \/>\nDocumento del Centenario y eso nos da visibilidad al movimiento cooperativo, eso nos une<br \/>\nmucho m\u00e1s como organizaci\u00f3n e instituci\u00f3n\u201d, destac\u00f3.<br \/>\nAdem\u00e1s, en representaci\u00f3n de los Consejeros de Am\u00e9rica extendi\u00f3 el agradecimiento por ser<br \/>\nsede Costa Rica de la Conferencia, con gran responsabilidad del Consejero local Fernando Faith<br \/>\nBonilla y a las personas del Gobierno que estuvieron a disposici\u00f3n en todo momento, sintiendo<br \/>\nla cercan\u00eda con el pa\u00eds, ya que \u201cpara nosotros Costa Rica es un ejemplo diario en la articulaci\u00f3n<br \/>\ny los conceptos de la paz positiva\u201d.<br \/>\nPor su parte el Presidente Carlos Alvarado, manifest\u00f3 su compromiso con el cooperativismo,<br \/>\nentendiendo que hay retos que atender. \u201cNo podemos explicar el desarrollo de Costa Rica sin<br \/>\nel cooperativismo: distribuci\u00f3n de la riqueza, nuevos modelos asociativos, desarrollo de<br \/>\nnuevos servicios. Hay zonas en las que las principales generadores de empleo son<br \/>\ncooperativas\u201c, destac\u00f3.<br \/>\nPor otro lado destac\u00f3 que \u201cla vinculaci\u00f3n internacional nos ayuda a enfrentar los distintos<br \/>\nretos que nos motivan hoy, actualmente es la b\u00fasqueda de c\u00f3mo fomentar el cooperativismo<br \/>\npara que siga profundiz\u00e1ndose y moderniz\u00e1ndose sin afectar la identidad del sector\u201d, explic\u00f3<br \/>\nel primer ministro costarricense.<br \/>\nPor otro lado, se refiri\u00f3 a las buenas pr\u00e1cticas que impulsan el cooperativismo, \u201cel aspecto<br \/>\nambiental vinculado a la producci\u00f3n no solo es \u00e9ticamente correcto sino que adem\u00e1s mejora<br \/>\nen la competitividad. Por ejemplo, las buenas pr\u00e1cticas realizadas a trav\u00e9s de la econom\u00eda<br \/>\nsocial mejora el valor agregado, esas buenas pr\u00e1cticas son, entre otras, el cuidado ambiental.<br \/>\nOtro ejemplo son las cooperativas el\u00e9ctricas, por ser productoras de energ\u00edas limpias,\u201d<br \/>\nconcluy\u00f3 Carlos Alvarado.<\/p>\n","protected":false},"excerpt":{"rendered":"<p>En el marco de la semana de la XXI Conferencia Regional de Cooperativas de las Am\u00e9ricas,<br \/> nuestra Presidencia Graciela Fern\u00e1ndez mantuvo una reuni\u00f3n con el m\u00e1ximo mandatario del<br \/> pa\u00eds organizador del evento, Carlos Alvarado, junto a Marvin Rodr\u00edguez Cordero,<br \/> Vicepresidente de Costa Rica, y a Fernando Faith Bonilla, Consejero de Cooperativas de las<br \/> Am\u00e9ricas por Costa Rica.<br \/> Graciela Fern\u00e1ndez agradeci\u00f3 la responsabilidad que asumi\u00f3 el Gobierno en cuanto a la<br \/> participaci\u00f3n de la XXI Conferencia, siendo que participaron de la misma su Vicepresidente,<br \/> Marvin Rodr\u00edguez Cordero; presidente de la Corte Suprema, Fernando Cruz [&#8230;]<\/p>\n","protected":false},"author":27,"featured_media":2979,"comment_status":"open","ping_status":"open","sticky":false,"template":"","format":"standard","meta":{"_acf_changed":false,"ngg_post_thumbnail":0,"footnotes":""},"categories":[7,6,1],"tags":[],"class_list":["post-2978","post","type-post","status-publish","format-standard","has-post-thumbnail","hentry","category-cooperativas","category-institucionales","category-noticias"],"acf":[],"_links":{"self":[{"href":"http:\/\/www.cudecoop.coop\/cudecoop\/wp-json\/wp\/v2\/posts\/2978","targetHints":{"allow":["GET"]}}],"collection":[{"href":"http:\/\/www.cudecoop.coop\/cudecoop\/wp-json\/wp\/v2\/posts"}],"about":[{"href":"http:\/\/www.cudecoop.coop\/cudecoop\/wp-json\/wp\/v2\/types\/post"}],"author":[{"embeddable":true,"href":"http:\/\/www.cudecoop.coop\/cudecoop\/wp-json\/wp\/v2\/users\/27"}],"replies":[{"embeddable":true,"href":"http:\/\/www.cudecoop.coop\/cudecoop\/wp-json\/wp\/v2\/comments?post=2978"}],"version-history":[{"count":2,"href":"http:\/\/www.cudecoop.coop\/cudecoop\/wp-json\/wp\/v2\/posts\/2978\/revisions"}],"predecessor-version":[{"id":2981,"href":"http:\/\/www.cudecoop.coop\/cudecoop\/wp-json\/wp\/v2\/posts\/2978\/revisions\/2981"}],"wp:featuredmedia":[{"embeddable":true,"href":"http:\/\/www.cudecoop.coop\/cudecoop\/wp-json\/wp\/v2\/media\/2979"}],"wp:attachment":[{"href":"http:\/\/www.cudecoop.coop\/cudecoop\/wp-json\/wp\/v2\/media?parent=2978"}],"wp:term":[{"taxonomy":"category","embeddable":true,"href":"http:\/\/www.cudecoop.coop\/cudecoop\/wp-json\/wp\/v2\/categories?post=2978"},{"taxonomy":"post_tag","embeddable":true,"href":"http:\/\/www.cudecoop.coop\/cudecoop\/wp-json\/wp\/v2\/tags?post=2978"}],"curies":[{"name":"wp","href":"https:\/\/api.w.org\/{rel}","templated":true}]}}