{"id":2968,"date":"2019-11-14T14:16:02","date_gmt":"2019-11-14T14:16:02","guid":{"rendered":"http:\/\/www.cudecoop.coop\/cudecoop\/?p=2968"},"modified":"2019-11-14T18:20:54","modified_gmt":"2019-11-14T18:20:54","slug":"proyecto-cooperacion-con-equidad","status":"publish","type":"post","link":"http:\/\/www.cudecoop.coop\/cudecoop\/proyecto-cooperacion-con-equidad\/","title":{"rendered":"Proyecto Cooperaci\u00f3n con Equidad"},"content":{"rendered":"<p>Durante el segundo a\u00f1o de ejecuci\u00f3n de <a href=\"http:\/\/fcpu.coop\/genero\/\">Cooperaci\u00f3n con Equidad<\/a>, proyecto de g\u00e9nero que lleva adelante la Federaci\u00f3n de Cooperativas de Producci\u00f3n del Uruguay (FCPU) con CUDECOOP y COSPE como socios estrat\u00e9gicos, se logr\u00f3 amplificar su alcance en el territorio nacional y trascender fronteras, siendo utilizado como ejemplo de exposiciones en el mundo cooperativo internacional.<\/p>\n<p>La presentaci\u00f3n del Primer Diagn\u00f3stico de G\u00e9nero del Cooperativismo Uruguayo en diciembre de 2018 puso en datos algunas percepciones que se ten\u00edan desde el movimiento cooperativo pero que hasta el momento no ten\u00edan el rigor cient\u00edfico como para una toma de definiciones en pol\u00edticas p\u00fablicas. En un primer nivel, el Diagn\u00f3stico identific\u00f3 en el mapa de Uruguay c\u00f3mo es la distribuci\u00f3n de los cooperativistas en relaci\u00f3n a g\u00e9nero, cu\u00e1ntas mujeres y hombres lo componen, qu\u00e9 roles cumplen y cu\u00e1l es su representaci\u00f3n.&nbsp; Tambi\u00e9n avanz\u00f3 sobre el nivel educativo en relaci\u00f3n al sexo de las y los cooperativistas, la distribuci\u00f3n de las horas de trabajo y las inequidades. Violencia fue un t\u00f3pico que apareci\u00f3 en reiteradas ocasiones pero no visibilizada como tal, sino m\u00e1s bien como una expresi\u00f3n &#8220;com\u00fan&#8221; en las relaciones humanas.<\/p>\n<p>Varias de las hip\u00f3tesis con las que parti\u00f3 el equipo de investigaci\u00f3n a principio de 2018 fueron comprobadas en el Diagn\u00f3stico, pero tambi\u00e9n hubo sorpresas. Por ejemplo, se pudo saber que el 44% de las integrantes del movimiento cooperativo son mujeres y que un 71% de estas ocupan un lugar de decisi\u00f3n dentro de su emprendimiento. Sin embargo, la representaci\u00f3n en muchos casos no termina siendo garant\u00eda de poder en la toma de decisiones. Esto se pudo saber a trav\u00e9s de una serie de preguntas cualitativas previstas en el cuestionario. As\u00ed tambi\u00e9n surgi\u00f3 que el nivel educativo de las mujeres cooperativistas es mayor que de los hombres siendo este un elemento no considerado al momento de ocupar cargos con mayor remuneraci\u00f3n. El tema de los distintos temas de violencia antes mencionados no fue novedoso, porque la situaci\u00f3n del mundo cooperativo no es ajena a la problem\u00e1tica de la sociedad capitalista y patriarcal, pero s\u00ed lo fue la invisibilidad con la que se manifiesta para muchas mujeres cooperativistas. Fue as\u00ed que de las conclusiones obtenidas surgi\u00f3 la necesidad de desarrollar una etapa de capacitaciones sobre g\u00e9nero y cooperativismo para nivelar los conocimientos sobre el tema y a partir de cimientos s\u00f3lidos permitir a las mujeres cooperativistas enfrentarse a las inequidades con las que conviven.<\/p>\n<p>M\u00e1s de 11.500 kil\u00f3metros &#8211; la distancia que equivale a dar 3 vueltas a Uruguay &#8211; recorri\u00f3 el equipo de investigadoras para realizar las capacitaciones y talleres de Focus Group &#8211; t\u00e9cnicas de Investigaci\u00f3n de Acci\u00f3n Participativas (IAP) &#8211; en 10 departamentos en donde se enfoc\u00f3 el proyecto. M\u00e1s de 170 horas de capacitaci\u00f3n, con participaci\u00f3n de 389 integrantes de cerca de 220 cooperativas de todas las modalidades. Las instancias, m\u00e1s que espacios de formaci\u00f3n fueron de intercambio y sensibilizaci\u00f3n sobre la tem\u00e1tica. Las participantes se apoderaron en varias ocasiones de la palabra y fueron ellas las que dirigieron las consignas por donde pretend\u00edan profundizar, siendo el equipo de profesionales un articulador de que el camino desarrollado sea el correcto.<\/p>\n<p>El resultado de este a\u00f1o de trabajo vuelve a ser un documento, esta vez presentado como Manual de Buenas Pr\u00e1cticas Cooperativas que surge de la sistematizaci\u00f3n de los encuentros generados en territorios y permitir\u00e1 establecer pautas de f\u00e1cil acceso para que las integrantes del movimiento puedan accionar en caso de percibir una situaci\u00f3n de inequidad de g\u00e9nero.<\/p>\n<p>La \u00faltima etapa que resta para el tercer a\u00f1o del proyecto es la generaci\u00f3n de una Red Nacional Cooperativa que si bien ya tiene sus primeras &#8220;c\u00e9lulas&#8221; &#8211; conformadas en comisiones de g\u00e9nero departamentales &#8211; es la encargada de elaborar las propuestas en pol\u00edticas p\u00fablicas para la incidencia a nivel legislativo.<\/p>\n<p>El desaf\u00edo al cual se enfrenta Cooperaci\u00f3n con Equidad para este \u00faltimo a\u00f1o de ejecuci\u00f3n (2020) es c\u00f3mo lograr que el &#8220;esp\u00edritu&#8221; del proyecto sea apoderado por las integrantes del movimiento cooperativo, que efectivamente transversalice todas las decisiones cooperativas y lograr as\u00ed avances hacia una sociedad m\u00e1s equitativa.<\/p>\n<p><strong>Texto creado por responsables de Cooperaci\u00f3n con Equidad.<\/strong><\/p>\n","protected":false},"excerpt":{"rendered":"<p>Durante el segundo a\u00f1o de ejecuci\u00f3n de Cooperaci\u00f3n con Equidad, proyecto de g\u00e9nero que lleva adelante la Federaci\u00f3n de Cooperativas de Producci\u00f3n del Uruguay (FCPU) con CUDECOOP y COSPE como socios estrat\u00e9gicos, se logr\u00f3 amplificar su alcance en el territorio nacional y trascender fronteras, siendo utilizado como ejemplo de exposiciones en el mundo cooperativo internacional. La presentaci\u00f3n del Primer Diagn\u00f3stico de G\u00e9nero del Cooperativismo Uruguayo en diciembre de 2018 puso en datos algunas percepciones que se ten\u00edan desde el movimiento cooperativo pero que hasta el momento no ten\u00edan el rigor cient\u00edfico como para una toma de definiciones en pol\u00edticas p\u00fablicas. [&#8230;]<\/p>\n","protected":false},"author":27,"featured_media":0,"comment_status":"open","ping_status":"open","sticky":false,"template":"","format":"standard","meta":{"_acf_changed":false,"ngg_post_thumbnail":0,"footnotes":""},"categories":[7,6,1],"tags":[],"class_list":["post-2968","post","type-post","status-publish","format-standard","hentry","category-cooperativas","category-institucionales","category-noticias"],"acf":[],"_links":{"self":[{"href":"http:\/\/www.cudecoop.coop\/cudecoop\/wp-json\/wp\/v2\/posts\/2968","targetHints":{"allow":["GET"]}}],"collection":[{"href":"http:\/\/www.cudecoop.coop\/cudecoop\/wp-json\/wp\/v2\/posts"}],"about":[{"href":"http:\/\/www.cudecoop.coop\/cudecoop\/wp-json\/wp\/v2\/types\/post"}],"author":[{"embeddable":true,"href":"http:\/\/www.cudecoop.coop\/cudecoop\/wp-json\/wp\/v2\/users\/27"}],"replies":[{"embeddable":true,"href":"http:\/\/www.cudecoop.coop\/cudecoop\/wp-json\/wp\/v2\/comments?post=2968"}],"version-history":[{"count":2,"href":"http:\/\/www.cudecoop.coop\/cudecoop\/wp-json\/wp\/v2\/posts\/2968\/revisions"}],"predecessor-version":[{"id":2971,"href":"http:\/\/www.cudecoop.coop\/cudecoop\/wp-json\/wp\/v2\/posts\/2968\/revisions\/2971"}],"wp:attachment":[{"href":"http:\/\/www.cudecoop.coop\/cudecoop\/wp-json\/wp\/v2\/media?parent=2968"}],"wp:term":[{"taxonomy":"category","embeddable":true,"href":"http:\/\/www.cudecoop.coop\/cudecoop\/wp-json\/wp\/v2\/categories?post=2968"},{"taxonomy":"post_tag","embeddable":true,"href":"http:\/\/www.cudecoop.coop\/cudecoop\/wp-json\/wp\/v2\/tags?post=2968"}],"curies":[{"name":"wp","href":"https:\/\/api.w.org\/{rel}","templated":true}]}}