{"id":2965,"date":"2019-11-14T14:06:46","date_gmt":"2019-11-14T14:06:46","guid":{"rendered":"http:\/\/www.cudecoop.coop\/cudecoop\/?p=2965"},"modified":"2019-11-14T18:28:10","modified_gmt":"2019-11-14T18:28:10","slug":"alianza-cooperativa-por-la-no-violencia-de-genero","status":"publish","type":"post","link":"http:\/\/www.cudecoop.coop\/cudecoop\/alianza-cooperativa-por-la-no-violencia-de-genero\/","title":{"rendered":"Alianza Cooperativa por la No Violencia de G\u00e9nero"},"content":{"rendered":"<p>La Comisi\u00f3n de G\u00e9nero de la Federaci\u00f3n de Cooperativas de Producci\u00f3n del Uruguay, desarroll\u00f3 el documento \u201cAlianza Cooperativa por la No Violencia de G\u00e9nero\u201d, con el objetivo de fomentar el compromiso del movimiento cooperativo con la eliminaci\u00f3n de la violencia de g\u00e9nero.<\/p>\n<p>Este documento se consolida como una estrategia o herramienta de visibilizaci\u00f3n de esta problem\u00e1tica y su incidencia en nuestra sociedad, as\u00ed como el fomento a la implicaci\u00f3n sustantiva de las cooperativas y federaciones con su eliminaci\u00f3n.&nbsp;<\/p>\n<p>Una vez FCPU present\u00f3 el documento en CUDECOOP, la Confederaci\u00f3n decidi\u00f3 ser parte activa del mismo, motivando a las federaciones y cooperativas a que sean parte de la Alianza Cooperativa por la No Violencia de G\u00e9nero.&nbsp;<\/p>\n<p>Se invita a las entidades que componen el movimiento a la firma de un Acta Compromiso, en la que se explicitan las posibles acciones a sostener desde los \u00e1mbitos de trabajo, participaci\u00f3n colectiva o acci\u00f3n individual, con el fin de eliminar la violencia de g\u00e9nero.&nbsp;<\/p>\n<p><a href=\"http:\/\/www.cudecoop.coop\/cudecoop\/wp-content\/uploads\/2019\/11\/Acta-Compromiso-de-la-Alianza-Cooperativa.pdf\">Ver Acta<\/a><\/p>\n","protected":false},"excerpt":{"rendered":"<p>La Comisi\u00f3n de G\u00e9nero de la Federaci\u00f3n de Cooperativas de Producci\u00f3n del Uruguay, desarroll\u00f3 el documento \u201cAlianza Cooperativa por la No Violencia de G\u00e9nero\u201d, con el objetivo de fomentar el compromiso del movimiento cooperativo con la eliminaci\u00f3n de la violencia de g\u00e9nero. Este documento se consolida como una estrategia o herramienta de visibilizaci\u00f3n de esta problem\u00e1tica y su incidencia en nuestra sociedad, as\u00ed como el fomento a la implicaci\u00f3n sustantiva de las cooperativas y federaciones con su eliminaci\u00f3n.&nbsp; Una vez FCPU present\u00f3 el documento en CUDECOOP, la Confederaci\u00f3n decidi\u00f3 ser parte activa del mismo, motivando a las federaciones y cooperativas [&#8230;]<\/p>\n","protected":false},"author":27,"featured_media":2966,"comment_status":"open","ping_status":"open","sticky":false,"template":"","format":"standard","meta":{"_acf_changed":false,"ngg_post_thumbnail":0,"footnotes":""},"categories":[7,6,1],"tags":[],"class_list":["post-2965","post","type-post","status-publish","format-standard","has-post-thumbnail","hentry","category-cooperativas","category-institucionales","category-noticias"],"acf":[],"_links":{"self":[{"href":"http:\/\/www.cudecoop.coop\/cudecoop\/wp-json\/wp\/v2\/posts\/2965","targetHints":{"allow":["GET"]}}],"collection":[{"href":"http:\/\/www.cudecoop.coop\/cudecoop\/wp-json\/wp\/v2\/posts"}],"about":[{"href":"http:\/\/www.cudecoop.coop\/cudecoop\/wp-json\/wp\/v2\/types\/post"}],"author":[{"embeddable":true,"href":"http:\/\/www.cudecoop.coop\/cudecoop\/wp-json\/wp\/v2\/users\/27"}],"replies":[{"embeddable":true,"href":"http:\/\/www.cudecoop.coop\/cudecoop\/wp-json\/wp\/v2\/comments?post=2965"}],"version-history":[{"count":3,"href":"http:\/\/www.cudecoop.coop\/cudecoop\/wp-json\/wp\/v2\/posts\/2965\/revisions"}],"predecessor-version":[{"id":2973,"href":"http:\/\/www.cudecoop.coop\/cudecoop\/wp-json\/wp\/v2\/posts\/2965\/revisions\/2973"}],"wp:featuredmedia":[{"embeddable":true,"href":"http:\/\/www.cudecoop.coop\/cudecoop\/wp-json\/wp\/v2\/media\/2966"}],"wp:attachment":[{"href":"http:\/\/www.cudecoop.coop\/cudecoop\/wp-json\/wp\/v2\/media?parent=2965"}],"wp:term":[{"taxonomy":"category","embeddable":true,"href":"http:\/\/www.cudecoop.coop\/cudecoop\/wp-json\/wp\/v2\/categories?post=2965"},{"taxonomy":"post_tag","embeddable":true,"href":"http:\/\/www.cudecoop.coop\/cudecoop\/wp-json\/wp\/v2\/tags?post=2965"}],"curies":[{"name":"wp","href":"https:\/\/api.w.org\/{rel}","templated":true}]}}