{"id":2944,"date":"2019-11-07T17:15:56","date_gmt":"2019-11-07T17:15:56","guid":{"rendered":"http:\/\/www.cudecoop.coop\/cudecoop\/?p=2944"},"modified":"2019-11-07T17:15:56","modified_gmt":"2019-11-07T17:15:56","slug":"el-modelo-de-negocio-para-el-desarrollo-sostenible","status":"publish","type":"post","link":"http:\/\/www.cudecoop.coop\/cudecoop\/el-modelo-de-negocio-para-el-desarrollo-sostenible\/","title":{"rendered":"EL MODELO DE NEGOCIO PARA EL DESARROLLO SOSTENIBLE"},"content":{"rendered":"<p>Graciela Fern\u00e1ndez particip\u00f3 el martes 5 de noviembre como expositora de la&nbsp;HSM Expo en la ciudad de San Pablo, donde se refiri\u00f3 al cooperativismo como modelo de negocio para el desarrollo sostenible. El mi\u00e9rcoles 6 estuvo en la Universidad de Santa Mar\u00eda.<\/p>\n<p>Invitada por la Organizaci\u00f3n de las Cooperativas de Brasil (OCB) particip\u00f3 del evento HSM Expo. El mismo es un espacio que funciona como plataforma de conocimiento a trav\u00e9s de la muestra de casos innovadores sobre gesti\u00f3n y modelos de negocio, intentando aportar a la generaci\u00f3n de redes colaborativas con el impulso de l\u00edderes y organizaciones, para&nbsp; transformar el pa\u00eds.&nbsp;<\/p>\n<p>Como Presidenta de Cooperativas de las Am\u00e9ricas, Regi\u00f3n de la Alianza Cooperativa Internacional (ACI), destac\u00f3 la importancia de poder avanzar en el di\u00e1logo y el intercambio de experiencias con las diversas expresiones de la sociedad del Continente, incluyendo los gobiernos, las empresas y entidades de la sociedad civil. &#8220;Los desaf\u00edos que enfrenta el mundo requiere de una acci\u00f3n com\u00fan por parte de todos, y quienes tenemos responsabilidades de gobierno y administraci\u00f3n de nuestras empresas, pasamos a tener una responsabilidad mucho m\u00e1s importante&#8221; destac\u00f3.<\/p>\n<p>En su participaci\u00f3n, habl\u00f3 sobre el modelo cooperativo como formato que mejor se adapta para dar lugar al desarrollo sostenible.&nbsp;<\/p>\n<p>&#8220;El modelo de negocio cooperativo cuenta ya con m\u00e1s de 150 a\u00f1os de existencia. Durante este tiempo ha sabido desarrollarse enormemente en todo el planeta, contando con la particularidad de haber acordado, todas sus organizaciones en el mundo una definici\u00f3n \u00fanica y un marco \u00e9tico de funcionamiento a nivel global.&#8221;<\/p>\n<p>Se refiri\u00f3 al cooperativismo en el mundo, a trav\u00e9s de cifras y lugares que ocupa, y destac\u00f3 que &#8220;<strong>Naciones Unidas ha reconocido que el modelo de negocio de las cooperativas debe ser promovido en el mundo<\/strong>, especialmente por ser un modelo solidario, inclusivo, que basa su gobernanza en la participaci\u00f3n democr\u00e1tica de sus miembros.&#8221;<\/p>\n<p>Haciendo referencia al documento&nbsp;\u201cTransformar nuestro mundo: la Agenda 2030 para el Desarrollo Sostenible\u201d&nbsp; firmado en 2015 por la Asamblea de las Naciones Unidas reunida en Nueva York , dijo &#8220;estos objetivos y metas y el propio concepto de Desarrollo Sostenible se encuentra en el propio ADN de las cooperativas, tal como se ve de la Definici\u00f3n, Valores y Principios ya desarrollados.&#8221;<\/p>\n<p>Al culminar su presentaci\u00f3n, se refiri\u00f3 a los desaf\u00edos que envuelven a las cooperativas para la siguiente d\u00e9cada, resumi\u00e9ndoles en cuatro bloques:&nbsp;<\/p>\n<p>PROMOCI\u00d3N DE LA IDENTIDAD COOPERATIVA<\/p>\n<p>La identidad cooperativa es un marco que comprende valores y principios, junto con una definici\u00f3n, los cuales se encuentran plasmados en la Declaraci\u00f3n sobre la identidad cooperativa de la ACI de 1995. Sin esta identidad, las cooperativas no existir\u00edan tal como las conocemos: una realidad internacional, con un \u00fanico modelo global, reconocido por la ONU y sus organismos, y regulado en la mayor\u00eda de los pa\u00edses.<\/p>\n<p>CRECIMIENTO DEL MOVIMIENTO COOPERATIVO<\/p>\n<p>Debemos estimular y promover el movimiento cooperativo para que se una y crezca por medio de una multitud de v\u00edas, combinando la participaci\u00f3n de los miembros, la incidencia pol\u00edtica, las colaboraciones, la investigaci\u00f3n y la comunicaci\u00f3n, poniendo especial atenci\u00f3n a la igualdad de g\u00e9nero y a la transmisi\u00f3n intergeneracional.<\/p>\n<p>COOPERACI\u00d3N ENTRE COOPERATIVAS<\/p>\n<p>La cooperaci\u00f3n entre cooperativas puede ser una de las mejores maneras de aumentar los recursos, fomentar la identidad cooperativa, llevar a cabo un trabajo de incidencia m\u00e1s eficiente y encontrar una forma \u00fanica y distintiva de responder a los ODS.<\/p>\n<p>CONTRIBUCI\u00d3N AL DESARROLLO COOPERATIVO GLOBAL<\/p>\n<p>C\u00f3mo contribuyen las cooperativas al desarrollo sostenible y a la paz, tal como se plasma en los ODS, empezando por el nivel local y regional. El movimiento cooperativo internacional utilizar\u00e1 los ODS para ilustrar su continua contribuci\u00f3n al desarrollo sostenible.<\/p>\n<p>&nbsp;<\/p>\n<p>Al otro d\u00eda de esta participaci\u00f3n, mi\u00e9rcoles 6 de noviembre, continu\u00f3 su recorrido y se fue a la Universidad de Santa Mar\u00eda, en dicha ciudad. En la misma particip\u00f3 de un encuentro con estudiantes de la Universidad y fue oradora en la charla de apertura del&nbsp;Simposio Nacional de Gesti\u00f3n de Cooperativas de la Universidad de Santa Mar\u00eda, donde se refiri\u00f3 a &#8220;Las cooperativas frente a los desaf\u00edos de transformaci\u00f3n\u201d. Al culminar particip\u00f3 de una mesa redonda sobre derecho cooperativo junto al&nbsp;Profesor Mario Shujman de la&nbsp;Universidad Nacional de Rosario, Argentina, y al Profesor Ronaldo Gaudio, jurista cooperativista brasile\u00f1o.<\/p>\n<p>&nbsp;<\/p>\n","protected":false},"excerpt":{"rendered":"<p>Graciela Fern\u00e1ndez particip\u00f3 el martes 5 de noviembre como expositora de la&nbsp;HSM Expo en la ciudad de San Pablo, donde se refiri\u00f3 al cooperativismo como modelo de negocio para el desarrollo sostenible. El mi\u00e9rcoles 6 estuvo en la Universidad de Santa Mar\u00eda. Invitada por la Organizaci\u00f3n de las Cooperativas de Brasil (OCB) particip\u00f3 del evento HSM Expo. El mismo es un espacio que funciona como plataforma de conocimiento a trav\u00e9s de la muestra de casos innovadores sobre gesti\u00f3n y modelos de negocio, intentando aportar a la generaci\u00f3n de redes colaborativas con el impulso de l\u00edderes y organizaciones, para&nbsp; transformar el [&#8230;]<\/p>\n","protected":false},"author":27,"featured_media":2945,"comment_status":"open","ping_status":"open","sticky":false,"template":"","format":"standard","meta":{"_acf_changed":false,"ngg_post_thumbnail":0,"footnotes":""},"categories":[7,6,1],"tags":[],"class_list":["post-2944","post","type-post","status-publish","format-standard","has-post-thumbnail","hentry","category-cooperativas","category-institucionales","category-noticias"],"acf":[],"_links":{"self":[{"href":"http:\/\/www.cudecoop.coop\/cudecoop\/wp-json\/wp\/v2\/posts\/2944","targetHints":{"allow":["GET"]}}],"collection":[{"href":"http:\/\/www.cudecoop.coop\/cudecoop\/wp-json\/wp\/v2\/posts"}],"about":[{"href":"http:\/\/www.cudecoop.coop\/cudecoop\/wp-json\/wp\/v2\/types\/post"}],"author":[{"embeddable":true,"href":"http:\/\/www.cudecoop.coop\/cudecoop\/wp-json\/wp\/v2\/users\/27"}],"replies":[{"embeddable":true,"href":"http:\/\/www.cudecoop.coop\/cudecoop\/wp-json\/wp\/v2\/comments?post=2944"}],"version-history":[{"count":1,"href":"http:\/\/www.cudecoop.coop\/cudecoop\/wp-json\/wp\/v2\/posts\/2944\/revisions"}],"predecessor-version":[{"id":2946,"href":"http:\/\/www.cudecoop.coop\/cudecoop\/wp-json\/wp\/v2\/posts\/2944\/revisions\/2946"}],"wp:featuredmedia":[{"embeddable":true,"href":"http:\/\/www.cudecoop.coop\/cudecoop\/wp-json\/wp\/v2\/media\/2945"}],"wp:attachment":[{"href":"http:\/\/www.cudecoop.coop\/cudecoop\/wp-json\/wp\/v2\/media?parent=2944"}],"wp:term":[{"taxonomy":"category","embeddable":true,"href":"http:\/\/www.cudecoop.coop\/cudecoop\/wp-json\/wp\/v2\/categories?post=2944"},{"taxonomy":"post_tag","embeddable":true,"href":"http:\/\/www.cudecoop.coop\/cudecoop\/wp-json\/wp\/v2\/tags?post=2944"}],"curies":[{"name":"wp","href":"https:\/\/api.w.org\/{rel}","templated":true}]}}