{"id":2940,"date":"2019-11-06T15:31:11","date_gmt":"2019-11-06T15:31:11","guid":{"rendered":"http:\/\/www.cudecoop.coop\/cudecoop\/?p=2940"},"modified":"2019-11-06T15:34:42","modified_gmt":"2019-11-06T15:34:42","slug":"alicia-maneiro-participo-en-cooperativas-sociales-en-perspectiva","status":"publish","type":"post","link":"http:\/\/www.cudecoop.coop\/cudecoop\/alicia-maneiro-participo-en-cooperativas-sociales-en-perspectiva\/","title":{"rendered":"Alicia Maneiro particip\u00f3 en &#8220;Cooperativas sociales en perspectiva&#8221;"},"content":{"rendered":"<p>En la ma\u00f1ana del 6 de noviembre se realiz\u00f3 en Torre Ejecutiva la actividad &#8220;Cooperativas Sociales en perspectiva&#8221;, convocatoria organizada por&nbsp;la Direcci\u00f3n Nacional de Econom\u00eda Social e Integraci\u00f3n Laboral del Ministerio de Desarrollo Social &#8211; Mides.<\/p>\n<p>El objetivo del evento fue promover el intercambio entre&nbsp; las diferentes visiones, haciendo especial hincapi\u00e9 en las distintas experiencias centrando el foco en las buenas pr\u00e1cticas de inclusi\u00f3n social y laboral.<\/p>\n<p>Particip\u00f3 de la mesa de apertura la Prof. Alicia Maneiro, representante de Cudecoop, quien destac\u00f3 en la importancia de dar a conocer la informaci\u00f3n sobre las rutas de trabajo del movimiento cooperativo y sus logros.&nbsp;<\/p>\n<p>&#8220;Desarrollar el Sistema Cooperativo en Uruguay implic\u00f3 un reconocimiento a la identidad del movimiento. Las cooperativas tenemos caracter\u00edsticas especiales y es importante que se nos reconozca como tales.&nbsp;<\/p>\n<p>Si pensamos en Pol\u00edticas P\u00fablicas conectadas con el cooperativismo, no nos tenemos que olvidar que las cooperativas trascienden y tienen una multiplicidad de funciones y han tratado de dar respuestas a otras necesidades como son la alimentaci\u00f3n, la salud, la educaci\u00f3n, los cuidados, el trabajo y sobre todo la integraci\u00f3n social. Si ponemos un ejemplo conocido por todos, tenemos que hablar de la Ley de Vivienda que ya con 51 a\u00f1os sigue siendo hoy un ejemplo a nivel mundial porque hace que much\u00edsimos trabajadores uruguayos tengan acceso a un derecho fundamental como es la vivienda. El movimiento cooperativo ha estado integrado y se sigue integrando. Con absoluta responsabilidad sigue siendo parte de algo que ha reclamado desde sus inicios, ser parte de las Pol\u00edticas P\u00fablicas.<\/p>\n<p>Todos somos conscientes del individualismo que se pregona d\u00eda a d\u00eda y el cooperativismo va a contrapelo de esa sociedad que nos excluye tratando de igualar las situaciones de desigualdad e incluirnos, ac\u00e1 las Cooperativas Sociales juegan un rol fundamental. Hoy tenemos centenares de experiencias desarrolladas con m\u00e1s de diez a\u00f1os de trayectoria y tenemos que se\u00f1alar la importancia de lo que ha significado para miles de uruguayas y uruguayos no solamente en t\u00e9rminos laborales, sino tambi\u00e9n en integraci\u00f3n social y ganancia de valores. &#8221;<\/p>\n<p>La jornada se dividi\u00f3 en distintas mesas de exposici\u00f3n y participaci\u00f3n:<\/p>\n<ul>\n<li>Las pol\u00edticas sociales y el cooperativismo<\/li>\n<li>Presentaci\u00f3n del Programa de Cooperativas Sociales y Procesos Asociativos<\/li>\n<li>La contrataci\u00f3n de las Cooperativas Sociales desde la pol\u00edtica p\u00fablica e instrumentos para la formaci\u00f3n cooperativa<\/li>\n<li>Las cooperativas sociales como constructoras de inclusi\u00f3n<\/li>\n<li>Las Cooperativas Sociales en perspectiva<\/li>\n<\/ul>\n<p>Participaron adem\u00e1s de esta mesa de apertura &#8220;Las pol\u00edticas sociales y el cooperativismo&#8221;, la directora de la Direcci\u00f3n Nacional de Econom\u00eda Social e Integraci\u00f3n Laboral, Mariela Fodde; el coordinador general de Planeaci\u00f3n y Evaluaci\u00f3n del Instituto Nacional de la Econom\u00eda Social, Secretar\u00eda de Bienestar Social de la Rep\u00fablica de M\u00e9xico, Lic. C\u00e9sar Escalone F\u00e1bila y el presidente del Instituto Nacional de Cooperativismo, Gustavo Bernini.<\/p>\n<p>La actividad se extendi\u00f3 hasta primera hora de la tarde con la exposici\u00f3n de representantes de distintos entes p\u00fablicos, federaciones del cooperativismo y ministerios.&nbsp;<\/p>\n","protected":false},"excerpt":{"rendered":"<p>En la ma\u00f1ana del 6 de noviembre se realiz\u00f3 en Torre Ejecutiva la actividad &#8220;Cooperativas Sociales en perspectiva&#8221;, convocatoria organizada por&nbsp;la Direcci\u00f3n Nacional de Econom\u00eda Social e Integraci\u00f3n Laboral del Ministerio de Desarrollo Social &#8211; Mides. El objetivo del evento fue promover el intercambio entre&nbsp; las diferentes visiones, haciendo especial hincapi\u00e9 en las distintas experiencias centrando el foco en las buenas pr\u00e1cticas de inclusi\u00f3n social y laboral. Particip\u00f3 de la mesa de apertura la Prof. Alicia Maneiro, representante de Cudecoop, quien destac\u00f3 en la importancia de dar a conocer la informaci\u00f3n sobre las rutas de trabajo del movimiento cooperativo y [&#8230;]<\/p>\n","protected":false},"author":27,"featured_media":2941,"comment_status":"open","ping_status":"open","sticky":false,"template":"","format":"standard","meta":{"_acf_changed":false,"ngg_post_thumbnail":0,"footnotes":""},"categories":[7,6,1],"tags":[],"class_list":["post-2940","post","type-post","status-publish","format-standard","has-post-thumbnail","hentry","category-cooperativas","category-institucionales","category-noticias"],"acf":[],"_links":{"self":[{"href":"http:\/\/www.cudecoop.coop\/cudecoop\/wp-json\/wp\/v2\/posts\/2940","targetHints":{"allow":["GET"]}}],"collection":[{"href":"http:\/\/www.cudecoop.coop\/cudecoop\/wp-json\/wp\/v2\/posts"}],"about":[{"href":"http:\/\/www.cudecoop.coop\/cudecoop\/wp-json\/wp\/v2\/types\/post"}],"author":[{"embeddable":true,"href":"http:\/\/www.cudecoop.coop\/cudecoop\/wp-json\/wp\/v2\/users\/27"}],"replies":[{"embeddable":true,"href":"http:\/\/www.cudecoop.coop\/cudecoop\/wp-json\/wp\/v2\/comments?post=2940"}],"version-history":[{"count":2,"href":"http:\/\/www.cudecoop.coop\/cudecoop\/wp-json\/wp\/v2\/posts\/2940\/revisions"}],"predecessor-version":[{"id":2943,"href":"http:\/\/www.cudecoop.coop\/cudecoop\/wp-json\/wp\/v2\/posts\/2940\/revisions\/2943"}],"wp:featuredmedia":[{"embeddable":true,"href":"http:\/\/www.cudecoop.coop\/cudecoop\/wp-json\/wp\/v2\/media\/2941"}],"wp:attachment":[{"href":"http:\/\/www.cudecoop.coop\/cudecoop\/wp-json\/wp\/v2\/media?parent=2940"}],"wp:term":[{"taxonomy":"category","embeddable":true,"href":"http:\/\/www.cudecoop.coop\/cudecoop\/wp-json\/wp\/v2\/categories?post=2940"},{"taxonomy":"post_tag","embeddable":true,"href":"http:\/\/www.cudecoop.coop\/cudecoop\/wp-json\/wp\/v2\/tags?post=2940"}],"curies":[{"name":"wp","href":"https:\/\/api.w.org\/{rel}","templated":true}]}}