{"id":2934,"date":"2019-10-29T19:06:05","date_gmt":"2019-10-29T19:06:05","guid":{"rendered":"http:\/\/www.cudecoop.coop\/cudecoop\/?p=2934"},"modified":"2019-10-29T19:06:05","modified_gmt":"2019-10-29T19:06:05","slug":"nueva-representacion-de-la-economia-social-en-inefop","status":"publish","type":"post","link":"http:\/\/www.cudecoop.coop\/cudecoop\/nueva-representacion-de-la-economia-social-en-inefop\/","title":{"rendered":"Nueva representaci\u00f3n de la econom\u00eda social en INEFOP"},"content":{"rendered":"<p>A partir de la resoluci\u00f3n ministerial aqu\u00ed adjunta , desde el 1\u00b0 de diciembre de 2019 las compa\u00f1eras Alicia Maneiro (titular) y \u00c1ngeles Dati (suplente), pasar\u00e1n a ser las nuevas delegadas de la econom\u00eda social en el Instituto Nacional de Empleo y Formaci\u00f3n Profesional, INEFOP.<\/p>\n<p><a href=\"http:\/\/www.cudecoop.coop\/cudecoop\/wp-content\/uploads\/2019\/10\/resoluci\u00f3n-de-designaci\u00f3n.pdf\">Resoluci\u00f3n de designaci\u00f3n<\/a><\/p>\n<p>&nbsp;<\/p>\n","protected":false},"excerpt":{"rendered":"<p>A partir de la resoluci\u00f3n ministerial aqu\u00ed adjunta , desde el 1\u00b0 de diciembre de 2019 las compa\u00f1eras Alicia Maneiro (titular) y \u00c1ngeles Dati (suplente), pasar\u00e1n a ser las nuevas delegadas de la econom\u00eda social en el Instituto Nacional de Empleo y Formaci\u00f3n Profesional, INEFOP. Resoluci\u00f3n de designaci\u00f3n [&#8230;]<\/p>\n","protected":false},"author":27,"featured_media":0,"comment_status":"open","ping_status":"open","sticky":false,"template":"","format":"standard","meta":{"_acf_changed":false,"ngg_post_thumbnail":0,"footnotes":""},"categories":[7,6,1],"tags":[],"class_list":["post-2934","post","type-post","status-publish","format-standard","hentry","category-cooperativas","category-institucionales","category-noticias"],"acf":[],"_links":{"self":[{"href":"http:\/\/www.cudecoop.coop\/cudecoop\/wp-json\/wp\/v2\/posts\/2934","targetHints":{"allow":["GET"]}}],"collection":[{"href":"http:\/\/www.cudecoop.coop\/cudecoop\/wp-json\/wp\/v2\/posts"}],"about":[{"href":"http:\/\/www.cudecoop.coop\/cudecoop\/wp-json\/wp\/v2\/types\/post"}],"author":[{"embeddable":true,"href":"http:\/\/www.cudecoop.coop\/cudecoop\/wp-json\/wp\/v2\/users\/27"}],"replies":[{"embeddable":true,"href":"http:\/\/www.cudecoop.coop\/cudecoop\/wp-json\/wp\/v2\/comments?post=2934"}],"version-history":[{"count":1,"href":"http:\/\/www.cudecoop.coop\/cudecoop\/wp-json\/wp\/v2\/posts\/2934\/revisions"}],"predecessor-version":[{"id":2936,"href":"http:\/\/www.cudecoop.coop\/cudecoop\/wp-json\/wp\/v2\/posts\/2934\/revisions\/2936"}],"wp:attachment":[{"href":"http:\/\/www.cudecoop.coop\/cudecoop\/wp-json\/wp\/v2\/media?parent=2934"}],"wp:term":[{"taxonomy":"category","embeddable":true,"href":"http:\/\/www.cudecoop.coop\/cudecoop\/wp-json\/wp\/v2\/categories?post=2934"},{"taxonomy":"post_tag","embeddable":true,"href":"http:\/\/www.cudecoop.coop\/cudecoop\/wp-json\/wp\/v2\/tags?post=2934"}],"curies":[{"name":"wp","href":"https:\/\/api.w.org\/{rel}","templated":true}]}}