{"id":2931,"date":"2019-10-29T16:43:55","date_gmt":"2019-10-29T16:43:55","guid":{"rendered":"http:\/\/www.cudecoop.coop\/cudecoop\/?p=2931"},"modified":"2019-10-29T16:43:55","modified_gmt":"2019-10-29T16:43:55","slug":"se-firmo-memorando-de-entendimiento-para-fortalecer-la-juventud-cooperativa-de-la-region","status":"publish","type":"post","link":"http:\/\/www.cudecoop.coop\/cudecoop\/se-firmo-memorando-de-entendimiento-para-fortalecer-la-juventud-cooperativa-de-la-region\/","title":{"rendered":"Se firm\u00f3 memorando de entendimiento para fortalecer la juventud cooperativa de la regi\u00f3n"},"content":{"rendered":"<p>Cooperativas de las Am\u00e9ricas reafirma su compromiso por fortalecer la juventud cooperativa de la regi\u00f3n.&nbsp;<\/p>\n<p>En el marco del 18\u00b0 Congreso Nacional Cooperativo de Colombia en el Foro \u201cJuventud y Cooperativas en el Siglo XXI\u201d la Presidenta de Cooperativas de las Am\u00e9ricas, Graciela Fern\u00e1ndez y Paula Guti\u00e9rrez, Directora de Impact Hub, firmaron un memorando de entendimiento para fortalecer la juventud cooperativa de la regi\u00f3n.<\/p>\n<p>En este escenario se puso sobre la mesa las principales preocupaciones de las nuevas generaciones en el pa\u00eds, como la falta de empleo y oportunidades, experiencias laborales incumplibles, precarizaci\u00f3n en salarios y contratos sin prestaciones sociales, dificultad para desarrollar emprendimientos sostenibles; entre muchos otros.<\/p>\n<p>Durante la firma de este acuerdo se encontraban Maria Eugenia P\u00e9rez, Directora de ASCOOP, Jorge Leal Secretario General Confecoop y Carlos Acero, Presidente Confecoop Bogot\u00e1. Este acuerdo tiene como fin proveer un marco de trabajo de cooperaci\u00f3n y facilitar entre las partes ecosistemas de emprendimiento, por los ejes de liderazgo e innovaci\u00f3n, cooperativismo y econom\u00eda social. Esto es solo una muestra de la colaboraci\u00f3n entre cooperativas y organizaciones que contribuyen a superar los desaf\u00edos para convertirse en catalizadores positivos de apoyo a los j\u00f3venes empresarios cooperativistas.<\/p>\n<p>Luisa Fernanda Gallo, Directora para las Am\u00e9ricas del Programa #coops4dev\ud83c\udf0d, present\u00f3 una nueva propuesta a los j\u00f3venes asistentes, el programa Emprendedores Globales Cooperativos (Global Cooperative Entrepreneurs &#8211; GCE), el cual hace parte del marco de acci\u00f3n del Partenariado de la Alianza Cooperativa Internacional y la Comisi\u00f3n de la Uni\u00f3n Europea: \u201cLas cooperativas en el desarrollo: empresas centradas en las personas, en acci\u00f3n\u201d. El programa Emprendedores Globales Cooperativos GCE es la apuesta del sector para impulsar el cooperativismo como primera opci\u00f3n para los emprendedores del mundo. El eje central del programa es la consolidaci\u00f3n de alianzas estrat\u00e9gicas entre organizaciones cooperativas y organizaciones externas al sector expertas en emprendimiento.<\/p>\n<p>GCE se viene impulsando tambi\u00e9n desde el Comit\u00e9 Regional de Juventud (CRJ) ya que este programa pretende crear una comunidad internacional de mentores y embajadores cooperativistas que impulsen un ecosistema de emprendimiento cooperativo de f\u00e1cil aplicaci\u00f3n en diversos contextos. Actualmente se est\u00e1 ejecutando en Malsya, India, Indonesia, Uganda, Zimbawe, Polonia, Suecia y en las Am\u00e9ricas los pa\u00edses seleccionados fueron El Salvador y Colombia. En Colombia las entidades aliadas en el desarrollo del programa son ASCOOP Y CONFECOOP y como socio estrat\u00e9gico est\u00e1 Impact Hub Bogot\u00e1.<\/p>\n<p>Luego de esta presentaci\u00f3n Paula Guti\u00e9rrez, Directora del Impact Hub resalt\u00f3 la importancia de la alianza estrat\u00e9gica entre el sector cooperativo colombiano e Impact Hub Bogot\u00e1, un laboratorio de innovaci\u00f3n el cual contribuye de manera significativa al desarrollo sostenible y a su vez hace parte de una comunidad con m\u00e1s de 15.000 miembros en 100 ciudades alrededor del mundo.<\/p>\n<p>&nbsp;<\/p>\n<p>Fuente: aciamericas.coop<\/p>\n","protected":false},"excerpt":{"rendered":"<p>Cooperativas de las Am\u00e9ricas reafirma su compromiso por fortalecer la juventud cooperativa de la regi\u00f3n.&nbsp; En el marco del 18\u00b0 Congreso Nacional Cooperativo de Colombia en el Foro \u201cJuventud y Cooperativas en el Siglo XXI\u201d la Presidenta de Cooperativas de las Am\u00e9ricas, Graciela Fern\u00e1ndez y Paula Guti\u00e9rrez, Directora de Impact Hub, firmaron un memorando de entendimiento para fortalecer la juventud cooperativa de la regi\u00f3n. En este escenario se puso sobre la mesa las principales preocupaciones de las nuevas generaciones en el pa\u00eds, como la falta de empleo y oportunidades, experiencias laborales incumplibles, precarizaci\u00f3n en salarios y contratos sin prestaciones sociales, [&#8230;]<\/p>\n","protected":false},"author":27,"featured_media":2932,"comment_status":"open","ping_status":"open","sticky":false,"template":"","format":"standard","meta":{"_acf_changed":false,"ngg_post_thumbnail":0,"footnotes":""},"categories":[7,6,1],"tags":[],"class_list":["post-2931","post","type-post","status-publish","format-standard","has-post-thumbnail","hentry","category-cooperativas","category-institucionales","category-noticias"],"acf":[],"_links":{"self":[{"href":"http:\/\/www.cudecoop.coop\/cudecoop\/wp-json\/wp\/v2\/posts\/2931","targetHints":{"allow":["GET"]}}],"collection":[{"href":"http:\/\/www.cudecoop.coop\/cudecoop\/wp-json\/wp\/v2\/posts"}],"about":[{"href":"http:\/\/www.cudecoop.coop\/cudecoop\/wp-json\/wp\/v2\/types\/post"}],"author":[{"embeddable":true,"href":"http:\/\/www.cudecoop.coop\/cudecoop\/wp-json\/wp\/v2\/users\/27"}],"replies":[{"embeddable":true,"href":"http:\/\/www.cudecoop.coop\/cudecoop\/wp-json\/wp\/v2\/comments?post=2931"}],"version-history":[{"count":1,"href":"http:\/\/www.cudecoop.coop\/cudecoop\/wp-json\/wp\/v2\/posts\/2931\/revisions"}],"predecessor-version":[{"id":2933,"href":"http:\/\/www.cudecoop.coop\/cudecoop\/wp-json\/wp\/v2\/posts\/2931\/revisions\/2933"}],"wp:featuredmedia":[{"embeddable":true,"href":"http:\/\/www.cudecoop.coop\/cudecoop\/wp-json\/wp\/v2\/media\/2932"}],"wp:attachment":[{"href":"http:\/\/www.cudecoop.coop\/cudecoop\/wp-json\/wp\/v2\/media?parent=2931"}],"wp:term":[{"taxonomy":"category","embeddable":true,"href":"http:\/\/www.cudecoop.coop\/cudecoop\/wp-json\/wp\/v2\/categories?post=2931"},{"taxonomy":"post_tag","embeddable":true,"href":"http:\/\/www.cudecoop.coop\/cudecoop\/wp-json\/wp\/v2\/tags?post=2931"}],"curies":[{"name":"wp","href":"https:\/\/api.w.org\/{rel}","templated":true}]}}