{"id":2918,"date":"2019-10-29T16:21:41","date_gmt":"2019-10-29T16:21:41","guid":{"rendered":"http:\/\/www.cudecoop.coop\/cudecoop\/?p=2918"},"modified":"2019-10-29T16:21:41","modified_gmt":"2019-10-29T16:21:41","slug":"declaracion-para-la-paz-positiva","status":"publish","type":"post","link":"http:\/\/www.cudecoop.coop\/cudecoop\/declaracion-para-la-paz-positiva\/","title":{"rendered":"Declaraci\u00f3n para la PAZ POSITIVA"},"content":{"rendered":"<p>Presentada por la Junta de la ACI, le\u00edda en la Asamblea por Graciela Fern\u00e1ndez:&nbsp;<\/p>\n<p>PRE\u00c1MBULO<br \/>\nEn vista de los numerosos y prolongados conflictos violentos y los elevados niveles de&nbsp;desigualdad en gran parte del mundo, as\u00ed como el impacto de los desastres naturales y de&nbsp;otro tipo;&nbsp;<br \/>\nEn vista de los numerosos desaf\u00edos a los que nos enfrentamos en el mundo actual,&nbsp;especialmente en lo que respecta a la paz;<br \/>\nConsiderando que el concepto de paz positiva, seg\u00fan el estudioso de la paz, Johan&nbsp;Galtung, est\u00e1 relacionado con las buenas contribuciones en la comunidad, especialmente la&nbsp;cooperaci\u00f3n y la integraci\u00f3n, la reconciliaci\u00f3n y la igualdad, que deben diferenciarse de la&nbsp;paz negativa, que se relaciona con la ausencia de violencia, ya sea personal, estructural o&nbsp;colectiva;<br \/>\nConsiderando que la ACI, desde su creaci\u00f3n, ha expresado un compromiso continuo con la&nbsp;paz, el bienestar y la prosperidad global, entre otros, a trav\u00e9s de:<\/p>\n<p>\u2022 Las resoluciones de la ACI, concretamente:<\/p>\n<p>o La Resoluci\u00f3n de 1901 sobre la Paz de la ACI presentada en el Congreso de<br \/>\nManchester, un congreso dedicado a la paz social as\u00ed como a la paz<br \/>\ninternacional, en el momento en el que decidi\u00f3 asociarse con la Oficina de<br \/>\nPaz.<\/p>\n<p>o La Resoluci\u00f3n de 1913 de la ACI presentada en Glasgow, en la que la ACI<br \/>\ndeclar\u00f3 que cuando la vida social y econ\u00f3mica de cada pa\u00eds se organiza de<br \/>\nacuerdo a los principios cooperativos, los conflictos internacionales pueden<br \/>\ncesar; y apoy\u00f3 todas las acciones en las que cualquier cooperativista del<br \/>\nmundo pudiese participar o comenzar.<\/p>\n<p>\u2022 Las declaraciones de la ACI, concretamente:<\/p>\n<p>o La declaraci\u00f3n de la ACI de 1939, titulada \u201cla paz, la libertad y el&nbsp;cooperativismo son indivisibles\u201d.<br \/>\no La declaraci\u00f3n XVIII en la que se solicita el restablecimiento de los derechos<br \/>\nhumanos.<br \/>\no La declaraci\u00f3n de 1942 en la que se reivindica el inter\u00e9s de la ACI en la<br \/>\nreconstrucci\u00f3n econ\u00f3mica y social tras la guerra.<br \/>\no La declaraci\u00f3n de la ACI de 1980 en la que se afirma que la paz es necesaria<br \/>\npara lograr un progreso social y econ\u00f3mico.<br \/>\no La declaraci\u00f3n de la ACI de 2006 en la que se establece que \u201clas<br \/>\ncooperativas se basan en un conjunto de valores y principios concebidos<br \/>\npara promover la causa de la Paz, el desarrollo humano sostenible y<br \/>\npromover el progreso social y econ\u00f3mico de las personas a trav\u00e9s del<br \/>\nmodelo de empresa cooperativa que contribuir\u00e1 a la paz&#8230;\u201d<\/p>\n<p>&nbsp;<\/p>\n<p>\u2022 Las declaraciones de los presidentes de la ACI:<br \/>\no En 2007, el entonces presidente de la ACI, Ivano Barberini, escribi\u00f3: \u201cLa paz<br \/>\nsignifica mucho m\u00e1s que la mera ausencia de conflictos armados, y es&nbsp;mucho m\u00e1s compleja que la guerra, porque se basa en un orden social&nbsp;considerado justo por la mayor\u00eda de la gente\u201d, y a\u00f1adi\u00f3 que educar para la&nbsp;paz \u201csignifica proporcionar espacio para proyectos locales, valorar y&nbsp;fortalecer las experiencias en todos los rincones del planeta, y ayudar a&nbsp;aquellos que tratan de tomar el control de su propio futuro. Conciliar las micro y macrodimensiones, y la teor\u00eda con la pr\u00e1ctica, es importante para no perder<br \/>\nde vista el objetivo de hacer de la paz y la cooperaci\u00f3n entre las personas<br \/>\nuna alternativa posible y viable\u201d.<br \/>\nConsiderando que la ACI fue una de las primeras organizaciones no gubernamentales en&nbsp;recibir el estatus consultivo de la ONU, con categor\u00eda A;<br \/>\nConsiderando que la Asamblea General de las Naciones Unidas declar\u00f3 el a\u00f1o 2012 como&nbsp;el A\u00f1o Internacional de las Cooperativas, y destac\u00f3 la contribuci\u00f3n de las cooperativas al&nbsp;desarrollo socioecon\u00f3mico, en particular su impacto en la reducci\u00f3n de la pobreza, la&nbsp;generaci\u00f3n de empleo y la integraci\u00f3n social;<br \/>\nConsiderando que, en esa ocasi\u00f3n, el Secretario General de la ONU, Ban Ki Moon, declar\u00f3&nbsp;que \u201ca trav\u00e9s de su enfoque distintivo en los valores, las cooperativas han demostrado ser&nbsp;un modelo de negocio resistente y viable que puede prosperar incluso en tiempos dif\u00edciles.<br \/>\nEste \u00e9xito ha ayudado a evitar que muchas familias y comunidades caigan en la pobreza\u201d;<\/p>\n<p>LA ACI CONSIDERA APROPIADO Y OPORTUNO REALIZAR LA SIGUIENTE<br \/>\nDECLARACI\u00d3N SOBRE PAZ POSITIVA A TRAV\u00c9S DE LAS COOPERATIVAS (1)<\/p>\n<p>El movimiento cooperativo, con sus cooperativas, cooperativistas, organizaciones de apoyo&nbsp;y representativas, m\u00e1s all\u00e1 de las creencias y las tradiciones pol\u00edticas, ha mantenido como&nbsp;objetivo desde sus or\u00edgenes su compromiso con la paz positiva y tiene la intenci\u00f3n de&nbsp;construir una sociedad basada en los valores de la democracia, la igualdad, la solidaridad,&nbsp;la participaci\u00f3n y la preocupaci\u00f3n por la comunidad. Los conflictos derivan de las<br \/>\nnecesidades y aspiraciones humanas no cubiertas, y, por su parte, las cooperativas tienen&nbsp;la misi\u00f3n de dar respuesta a las necesidades y aspiraciones humanas, incluidas las&nbsp;aspiraciones a un futuro mejor, m\u00e1s inclusivo, m\u00e1s sostenible, m\u00e1s participativo y m\u00e1s&nbsp;pr\u00f3spero para todos.<br \/>\nHoy en d\u00eda, las cooperativas se reconocen por su papel tras periodos de crisis, se trate de&nbsp;crisis econ\u00f3micas o financieras, desastres naturales o conflictos violentos. No obstante, las&nbsp;cooperativas hacen mucho m\u00e1s por la paz positiva: crean empleos y empresas arraigadas&nbsp;en los territorios, din\u00e1micas y duraderas; proporcionan viviendas accesibles y acceso al&nbsp;cr\u00e9dito y al ahorro, a seguros y a los mercados; garantizan la supervivencia, la&nbsp;recuperaci\u00f3n, la prosperidad y la preparaci\u00f3n de los sustentos individuales y familiares, las<br \/>\ncomunidades y las comunidades locales, ya sea en el mar, en la costa, en las monta\u00f1as, en&nbsp;zonas urbanas o rurales; responden adecuadamente a las necesidades sociales en materia&nbsp;de atenci\u00f3n, educaci\u00f3n, salud y preocupaciones sobre la sostenibilidad energ\u00e9tica y&nbsp;modalidades de consumo, producci\u00f3n y distribuci\u00f3n. Las cooperativas ofrecen nuevas<br \/>\noportunidades y opciones a largo plazo para crear riqueza y capital que no son puramente&nbsp;financieras ni est\u00e1n restringidas a un n\u00famero reducido de personas.<br \/>\nEl movimiento cooperativo se esfuerza por encontrar formas equitativas y justas de resolver&nbsp;problemas de manera sostenible y democr\u00e1tica, contribuyendo as\u00ed a evitar la violencia y el&nbsp;odio. La educaci\u00f3n de todos los miembros para que participen de manera plena, voluntaria&nbsp;y respetuosa en sus cooperativas y comunidades es parte esencial de una cultura de paz.<br \/>\nLas cooperativas son parte activa de una cultura de y para la paz.<br \/>\nLas cooperativas construyen un futuro para que las personas se lo apropien y lo dirijan a&nbsp;largo plazo. El emprendimiento cooperativo permite el potencial de la acci\u00f3n colectiva para&nbsp;resolver problemas comunes; una econom\u00eda inclusiva para el desarrollo sostenible \u2013basada&nbsp;en valores sociales y solidarios\u2013, lo que implica el empoderamiento continuo de las mujeres,&nbsp;los j\u00f3venes y las poblaciones vulnerables; y la cooperaci\u00f3n m\u00e1s all\u00e1 del movimiento<br \/>\ncooperativo. De este modo, las cooperativas se comprometen con la paz positiva como un&nbsp;camino que promueve la igualdad y la empat\u00eda, la inclusi\u00f3n y la oportunidad de un trabajo&nbsp;digno, de emprendimiento y de desarrollo.<\/p>\n<p>&nbsp;<\/p>\n<p>Fuentes:<br \/>\n\u2022 Barberini, Ivano (2007) Building new paths to Peace, in Co-operatives and the pursuit of peace,<br \/>\nEmmanuel &amp; Ian MacPherson (eds).<br \/>\n\u2022 Carrizo, Juan Jos\u00e9 (2013) La Paz es un valor cooperativo, National South University, Bah\u00eda Blanca,<br \/>\nArgentina.<br \/>\n\u2022 Galtung, Johan Vincent (1969) Violence, Peace and Peace Research. Journal of Peace Research 6(3),<br \/>\np\u00e1ginas 167-191. 7<\/p>\n","protected":false},"excerpt":{"rendered":"<p>Presentada por la Junta de la ACI, le\u00edda en la Asamblea por Graciela Fern\u00e1ndez:&nbsp; PRE\u00c1MBULO<br \/> En vista de los numerosos y prolongados conflictos violentos y los elevados niveles de&nbsp;desigualdad en gran parte del mundo, as\u00ed como el impacto de los desastres naturales y de&nbsp;otro tipo;&nbsp;<br \/> En vista de los numerosos desaf\u00edos a los que nos enfrentamos en el mundo actual,&nbsp;especialmente en lo que respecta a la paz;<br \/> Considerando que el concepto de paz positiva, seg\u00fan el estudioso de la paz, Johan&nbsp;Galtung, est\u00e1 relacionado con las buenas contribuciones en la comunidad, especialmente la&nbsp;cooperaci\u00f3n y la integraci\u00f3n, la reconciliaci\u00f3n [&#8230;]<\/p>\n","protected":false},"author":27,"featured_media":2929,"comment_status":"open","ping_status":"open","sticky":false,"template":"","format":"standard","meta":{"_acf_changed":false,"ngg_post_thumbnail":0,"footnotes":""},"categories":[7,6,1],"tags":[],"class_list":["post-2918","post","type-post","status-publish","format-standard","has-post-thumbnail","hentry","category-cooperativas","category-institucionales","category-noticias"],"acf":[],"_links":{"self":[{"href":"http:\/\/www.cudecoop.coop\/cudecoop\/wp-json\/wp\/v2\/posts\/2918","targetHints":{"allow":["GET"]}}],"collection":[{"href":"http:\/\/www.cudecoop.coop\/cudecoop\/wp-json\/wp\/v2\/posts"}],"about":[{"href":"http:\/\/www.cudecoop.coop\/cudecoop\/wp-json\/wp\/v2\/types\/post"}],"author":[{"embeddable":true,"href":"http:\/\/www.cudecoop.coop\/cudecoop\/wp-json\/wp\/v2\/users\/27"}],"replies":[{"embeddable":true,"href":"http:\/\/www.cudecoop.coop\/cudecoop\/wp-json\/wp\/v2\/comments?post=2918"}],"version-history":[{"count":2,"href":"http:\/\/www.cudecoop.coop\/cudecoop\/wp-json\/wp\/v2\/posts\/2918\/revisions"}],"predecessor-version":[{"id":2930,"href":"http:\/\/www.cudecoop.coop\/cudecoop\/wp-json\/wp\/v2\/posts\/2918\/revisions\/2930"}],"wp:featuredmedia":[{"embeddable":true,"href":"http:\/\/www.cudecoop.coop\/cudecoop\/wp-json\/wp\/v2\/media\/2929"}],"wp:attachment":[{"href":"http:\/\/www.cudecoop.coop\/cudecoop\/wp-json\/wp\/v2\/media?parent=2918"}],"wp:term":[{"taxonomy":"category","embeddable":true,"href":"http:\/\/www.cudecoop.coop\/cudecoop\/wp-json\/wp\/v2\/categories?post=2918"},{"taxonomy":"post_tag","embeddable":true,"href":"http:\/\/www.cudecoop.coop\/cudecoop\/wp-json\/wp\/v2\/tags?post=2918"}],"curies":[{"name":"wp","href":"https:\/\/api.w.org\/{rel}","templated":true}]}}